{"id":79,"date":"2008-10-16T20:46:51","date_gmt":"2008-10-16T19:46:51","guid":{"rendered":"http:\/\/www.iucuellar.org\/seddna\/?p=79"},"modified":"2017-02-28T13:42:33","modified_gmt":"2017-02-28T12:42:33","slug":"senor-alcalde-%c2%a1el-ibi","status":"publish","type":"post","link":"https:\/\/www.iucuellar.org\/?p=79","title":{"rendered":"Se\u00f1or alcalde, \u00a1el IBI!"},"content":{"rendered":"<div>\n<p style=\"margin-bottom: 0cm;\"><span style=\"font-size: medium;\">En contestaci\u00f3n a las declaraciones del se\u00f1or alcalde publicadas en la prensa y en las que pide al concejal de Izquierda Unida los Verdes que se informe correctamente:<\/span><\/p>\n<p style=\"margin-bottom: 0cm;\"><span style=\"font-size: medium;\">Nos reiteramos en todo lo dicho , porque el se\u00f1or alcalde ha firmado una hoja informativa del Ayuntamiento de Cu\u00e9llar en la que se afirma que en el a\u00f1o 2009 se rectificar\u00e1n las tasas del IBI y de basuras, pero para la modificaci\u00f3n de estas tasas se requiere la aprobaci\u00f3n del Pleno del Ayuntamiento, ya que la disposici\u00f3n final de las ordenanzas fiscales del a\u00f1o 2008 dice:<\/span><\/p>\n<p style=\"margin-bottom: 0cm;\" align=\"center\">\u201c<span style=\"font-family: TimesNewRoman,BoldItalic,serif;\"><span style=\"font-size: medium;\"><em><strong>DISPOSICION FINAL<\/strong><\/em><\/span><\/span><\/p>\n<p style=\"margin-bottom: 0cm;\" align=\"center\"><span style=\"font-family: TimesNewRoman,Italic,serif;\"><span style=\"font-size: medium;\"><em>La presente Ordenanza Fiscal entrar\u00e1 en vigor el d\u00eda de su publicaci\u00f3n en el B.O. de la Provincia, y comenzar\u00e1 a aplicarse a partir del 1 de enero de 2008, permaneciendo en vigor hasta su modificaci\u00f3n o derogaci\u00f3n expresas.\u201d<\/em><\/span><\/span><\/p>\n<p style=\"margin-bottom: 0cm;\"><span style=\"font-size: medium;\">Por tanto cuando vengan al plenario del ayuntamiento las ordenanzas fiscales para el a\u00f1o 2009, ser\u00e1n estudiadas, votadas y aprobadas, o denegadas, por los miembros de la corporaci\u00f3n.<\/span><\/p>\n<p style=\"margin-bottom: 0cm;\">\n<p style=\"margin-bottom: 0cm;\"><span style=\"font-size: medium;\">Izquierda Unida los Verdes quiere dejar muy claro que es el alcalde, con sus \u00faltimas declaraciones, el que pretende confundir a los ciudadanos (o es \u00e9l qui\u00e9n est\u00e1 despistado), pues el acta del pleno extraordinario del d\u00eda 8 de noviembre de 2007 dice:<\/span><\/p>\n<p style=\"margin-bottom: 0cm;\">\n<p style=\"margin-bottom: 0cm;\" align=\"center\">\u201c <span style=\"font-family: Verdana-Bold,sans-serif;\"><span style=\"font-size: x-small;\"><strong>PUNTO D\u00c9CIMO SEGUNDO.- APROBACI\u00d3N DE ORDENANZAS<\/strong><\/span><\/span><\/p>\n<p style=\"margin-bottom: 0cm;\" align=\"center\"><span style=\"font-family: Verdana-Bold,sans-serif;\"><span style=\"font-size: x-small;\"><strong>FISCALES PARA EL A\u00d1O 2008.<\/strong><\/span><\/span><\/p>\n<p style=\"margin-bottom: 0cm;\" align=\"center\">\n<p style=\"margin-bottom: 0cm;\" align=\"center\"><span style=\"font-family: Verdana,sans-serif;\"><span style=\"font-size: medium;\">La Comisi\u00f3n Informativa de Hacienda y Personal, en sesi\u00f3n de <\/span><\/span><span style=\"font-family: Verdana,sans-serif;\"><span style=\"font-size: medium;\">fecha 30 de octubre de 2007, dictamin\u00f3 favorablemente:<\/span><\/span><\/p>\n<p style=\"margin-bottom: 0cm;\" align=\"center\"><span style=\"font-family: Verdana-Bold,sans-serif;\"><span style=\"font-size: medium;\"><span style=\"font-family: TimesNewRoman,BoldItalic,serif;\"><em><strong>Primero.- <\/strong><\/em><\/span><span style=\"font-family: TimesNewRoman,Italic,serif;\"><em>Modificar las ordenanzas fiscales de las tasas e impuestos que <\/em><\/span><\/span><\/span><span style=\"font-family: TimesNewRoman,Italic,serif;\"><span style=\"font-size: medium;\"><em>a continuaci\u00f3n se relacionan y en los t\u00e9rminos que a continuaci\u00f3n se indican:<\/em><\/span><\/span><\/p>\n<p style=\"margin-bottom: 0cm;\" align=\"center\"><span style=\"font-family: TimesNewRoman,BoldItalic,serif;\"><span style=\"font-size: medium;\"><em><strong>a) Ordenanza fiscal n\u00ba 1. Reguladora del Impuesto sobre Bienes Inmuebles.<\/strong><\/em><\/span><\/span><\/p>\n<p style=\"margin-bottom: 0cm;\" align=\"center\">\u201c<span style=\"font-family: Verdana-Bold,sans-serif;\"><span style=\"font-size: medium;\"><span style=\"font-family: TimesNewRoman,BoldItalic,serif;\"><em><strong>Art\u00edculo 2.<\/strong><\/em><\/span><span style=\"font-family: TimesNewRoman,Italic,serif;\"><em>&#8211;<\/em><\/span><\/span><\/span><\/p>\n<p style=\"margin-bottom: 0cm;\" align=\"center\"><span style=\"font-family: TimesNewRoman,Italic,serif;\"><span style=\"font-size: medium;\"><em>1.- El tipo de gravamen del Impuesto sobre Bienes Inmuebles aplicable a los bienes de naturaleza urbana queda fijado en el 0,81 %<\/em><\/span><\/span><\/p>\n<p style=\"margin-bottom: 0cm;\">\n<p style=\"margin-bottom: 0cm;\" align=\"center\"><span style=\"font-family: TimesNewRoman,BoldItalic,serif;\"><span style=\"font-size: medium;\"><em><strong>e) Ordenanza Fiscal n\u00ba 8. Tasa por Recogida de Basura.<\/strong><\/em><\/span><\/span><\/p>\n<p style=\"margin-bottom: 0cm;\" align=\"center\"><span style=\"font-family: TimesNewRoman,Italic,serif;\"><span style=\"font-size: medium;\"><em>Se suprime la Ordenanza Fiscal n\u00ba 8 reguladora de la Tasa por Recogida de basura.\u201d<\/em><\/span><\/span><\/p>\n<p style=\"margin-bottom: 0cm;\" align=\"center\">\n<p style=\"margin-bottom: 0cm; font-style: normal;\" align=\"left\"><strong><span style=\"font-family: TimesNewRoman,Italic,serif;\"><span style=\"font-size: medium;\">Esto es lo que se vot\u00f3 y aprob\u00f3 en dicho pleno, <span style=\"color: #ff0000;\"><span style=\"text-decoration: underline;\">una tasa del 0\u203281 de IBI y la supresi\u00f3n de la tasa de basuras<\/span><\/span> (con nuestro voto en contra); sus declaraciones y argumentaciones, se escuchan y se discuten pero no se votan.<\/span><\/span><\/strong><\/p>\n<p style=\"margin-bottom: 0cm; font-style: normal; text-decoration: none;\" align=\"center\"><strong><span style=\"font-family: TimesNewRoman,Italic,serif;\"><span style=\"font-size: medium;\">POR TANTO EL SE\u00d1OR ALCALDE DEBE BUSCAR A LOS OPORTUNISTAS Y A LOS HIP\u00d3CRITAS QUE CITA EN SUS DECLARACIONES EN OTRO LUGAR.<\/span><\/span><\/strong><\/p>\n<\/div>\n","protected":false},"excerpt":{"rendered":"<p>En contestaci\u00f3n a las declaraciones del se\u00f1or alcalde publicadas en la prensa y en las que pide al concejal de<\/p>\n","protected":false},"author":1,"featured_media":0,"comment_status":"open","ping_status":"open","sticky":false,"template":"","format":"standard","meta":{"sfsi_plus_gutenberg_text_before_share":"","sfsi_plus_gutenberg_show_text_before_share":"","sfsi_plus_gutenberg_icon_type":"","sfsi_plus_gutenberg_icon_alignemt":"","sfsi_plus_gutenburg_max_per_row":"","_exactmetrics_skip_tracking":false,"_exactmetrics_sitenote_active":false,"_exactmetrics_sitenote_note":"","_exactmetrics_sitenote_category":0,"ngg_post_thumbnail":0,"_jetpack_memberships_contains_paid_content":false,"footnotes":""},"categories":[6,21],"tags":[],"yoast_head":"<!-- This site is optimized with the Yoast SEO plugin v22.9 - https:\/\/yoast.com\/wordpress\/plugins\/seo\/ -->\r\n<title>Se\u00f1or alcalde, \u00a1el IBI! - Izquierda Unida Cu\u00e9llar<\/title>\r\n<meta name=\"robots\" content=\"index, follow, max-snippet:-1, max-image-preview:large, max-video-preview:-1\" \/>\r\n<link rel=\"canonical\" href=\"https:\/\/www.iucuellar.org\/?p=79\" \/>\r\n<meta property=\"og:locale\" content=\"es_ES\" \/>\r\n<meta property=\"og:type\" content=\"article\" \/>\r\n<meta property=\"og:title\" content=\"Se\u00f1or alcalde, \u00a1el IBI! - Izquierda Unida Cu\u00e9llar\" \/>\r\n<meta property=\"og:description\" content=\"En contestaci\u00f3n a las declaraciones del se\u00f1or alcalde publicadas en la prensa y en las que pide al concejal de\" \/>\r\n<meta property=\"og:url\" content=\"https:\/\/www.iucuellar.org\/?p=79\" \/>\r\n<meta property=\"og:site_name\" content=\"Izquierda Unida Cu\u00e9llar\" \/>\r\n<meta property=\"article:publisher\" content=\"https:\/\/www.facebook.com\/iucuellar\" \/>\r\n<meta property=\"article:published_time\" content=\"2008-10-16T19:46:51+00:00\" \/>\r\n<meta property=\"article:modified_time\" content=\"2017-02-28T12:42:33+00:00\" \/>\r\n<meta property=\"og:image\" content=\"https:\/\/i0.wp.com\/www.iucuellar.org\/public\/2022\/07\/cropped-avatar_redondo_Twitter.png?fit=512%2C512&ssl=1\" \/>\r\n\t<meta property=\"og:image:width\" content=\"512\" \/>\r\n\t<meta property=\"og:image:height\" content=\"512\" \/>\r\n\t<meta property=\"og:image:type\" content=\"image\/png\" \/>\r\n<meta name=\"author\" content=\"Comunicaci\u00f3n\" \/>\r\n<meta name=\"twitter:card\" content=\"summary_large_image\" \/>\r\n<meta name=\"twitter:creator\" content=\"@IU_CUELLAR\" \/>\r\n<meta name=\"twitter:site\" content=\"@IU_CUELLAR\" \/>\r\n<meta name=\"twitter:label1\" content=\"Escrito por\" \/>\n\t<meta name=\"twitter:data1\" content=\"Comunicaci\u00f3n\" \/>\n\t<meta name=\"twitter:label2\" content=\"Tiempo de lectura\" \/>\n\t<meta name=\"twitter:data2\" content=\"2 minutos\" \/>\r\n<script type=\"application\/ld+json\" class=\"yoast-schema-graph\">{\"@context\":\"https:\/\/schema.org\",\"@graph\":[{\"@type\":\"Article\",\"@id\":\"https:\/\/www.iucuellar.org\/?p=79#article\",\"isPartOf\":{\"@id\":\"https:\/\/www.iucuellar.org\/?p=79\"},\"author\":{\"name\":\"Comunicaci\u00f3n\",\"@id\":\"https:\/\/www.iucuellar.org\/#\/schema\/person\/0ed49683a220f525fdeb90989b5c672d\"},\"headline\":\"Se\u00f1or alcalde, \u00a1el IBI!\",\"datePublished\":\"2008-10-16T19:46:51+00:00\",\"dateModified\":\"2017-02-28T12:42:33+00:00\",\"mainEntityOfPage\":{\"@id\":\"https:\/\/www.iucuellar.org\/?p=79\"},\"wordCount\":408,\"commentCount\":0,\"publisher\":{\"@id\":\"https:\/\/www.iucuellar.org\/#organization\"},\"articleSection\":[\"Hacienda\",\"Izquierda Unida\"],\"inLanguage\":\"es\",\"potentialAction\":[{\"@type\":\"CommentAction\",\"name\":\"Comment\",\"target\":[\"https:\/\/www.iucuellar.org\/?p=79#respond\"]}]},{\"@type\":\"WebPage\",\"@id\":\"https:\/\/www.iucuellar.org\/?p=79\",\"url\":\"https:\/\/www.iucuellar.org\/?p=79\",\"name\":\"Se\u00f1or alcalde, \u00a1el IBI! - Izquierda Unida Cu\u00e9llar\",\"isPartOf\":{\"@id\":\"https:\/\/www.iucuellar.org\/#website\"},\"datePublished\":\"2008-10-16T19:46:51+00:00\",\"dateModified\":\"2017-02-28T12:42:33+00:00\",\"breadcrumb\":{\"@id\":\"https:\/\/www.iucuellar.org\/?p=79#breadcrumb\"},\"inLanguage\":\"es\",\"potentialAction\":[{\"@type\":\"ReadAction\",\"target\":[\"https:\/\/www.iucuellar.org\/?p=79\"]}]},{\"@type\":\"BreadcrumbList\",\"@id\":\"https:\/\/www.iucuellar.org\/?p=79#breadcrumb\",\"itemListElement\":[{\"@type\":\"ListItem\",\"position\":1,\"name\":\"Inicio\",\"item\":\"https:\/\/www.iucuellar.org\/\"},{\"@type\":\"ListItem\",\"position\":2,\"name\":\"Se\u00f1or alcalde, \u00a1el IBI!\"}]},{\"@type\":\"WebSite\",\"@id\":\"https:\/\/www.iucuellar.org\/#website\",\"url\":\"https:\/\/www.iucuellar.org\/\",\"name\":\"Izquierda Unida Cu\u00e9llar y Comarca\",\"description\":\"Lugar de opini\u00f3n y discusi\u00f3n de la izquierda\",\"publisher\":{\"@id\":\"https:\/\/www.iucuellar.org\/#organization\"},\"potentialAction\":[{\"@type\":\"SearchAction\",\"target\":{\"@type\":\"EntryPoint\",\"urlTemplate\":\"https:\/\/www.iucuellar.org\/?s={search_term_string}\"},\"query-input\":\"required name=search_term_string\"}],\"inLanguage\":\"es\"},{\"@type\":\"Organization\",\"@id\":\"https:\/\/www.iucuellar.org\/#organization\",\"name\":\"IU CUELLAR\",\"url\":\"https:\/\/www.iucuellar.org\/\",\"logo\":{\"@type\":\"ImageObject\",\"inLanguage\":\"es\",\"@id\":\"https:\/\/www.iucuellar.org\/#\/schema\/logo\/image\/\",\"url\":\"https:\/\/i0.wp.com\/www.iucuellar.org\/public\/2022\/07\/cropped-avatar_redondo_Twitter.png?fit=512%2C512&ssl=1\",\"contentUrl\":\"https:\/\/i0.wp.com\/www.iucuellar.org\/public\/2022\/07\/cropped-avatar_redondo_Twitter.png?fit=512%2C512&ssl=1\",\"width\":512,\"height\":512,\"caption\":\"IU CUELLAR\"},\"image\":{\"@id\":\"https:\/\/www.iucuellar.org\/#\/schema\/logo\/image\/\"},\"sameAs\":[\"https:\/\/www.facebook.com\/iucuellar\",\"https:\/\/x.com\/IU_CUELLAR\",\"https:\/\/www.instagram.com\/iucuellar\/\",\"https:\/\/www.threads.net\/@iucuellar\"]},{\"@type\":\"Person\",\"@id\":\"https:\/\/www.iucuellar.org\/#\/schema\/person\/0ed49683a220f525fdeb90989b5c672d\",\"name\":\"Comunicaci\u00f3n\",\"image\":{\"@type\":\"ImageObject\",\"inLanguage\":\"es\",\"@id\":\"https:\/\/www.iucuellar.org\/#\/schema\/person\/image\/\",\"url\":\"https:\/\/secure.gravatar.com\/avatar\/1bb1e96b498ea4b5098098798744923e?s=96&d=mm&r=g\",\"contentUrl\":\"https:\/\/secure.gravatar.com\/avatar\/1bb1e96b498ea4b5098098798744923e?s=96&d=mm&r=g\",\"caption\":\"Comunicaci\u00f3n\"},\"url\":\"https:\/\/www.iucuellar.org\/?author=1\"}]}<\/script>\r\n<!-- \/ Yoast SEO plugin. -->","yoast_head_json":{"title":"Se\u00f1or alcalde, \u00a1el IBI! - Izquierda Unida Cu\u00e9llar","robots":{"index":"index","follow":"follow","max-snippet":"max-snippet:-1","max-image-preview":"max-image-preview:large","max-video-preview":"max-video-preview:-1"},"canonical":"https:\/\/www.iucuellar.org\/?p=79","og_locale":"es_ES","og_type":"article","og_title":"Se\u00f1or alcalde, \u00a1el IBI! - Izquierda Unida Cu\u00e9llar","og_description":"En contestaci\u00f3n a las declaraciones del se\u00f1or alcalde publicadas en la prensa y en las que pide al concejal de","og_url":"https:\/\/www.iucuellar.org\/?p=79","og_site_name":"Izquierda Unida Cu\u00e9llar","article_publisher":"https:\/\/www.facebook.com\/iucuellar","article_published_time":"2008-10-16T19:46:51+00:00","article_modified_time":"2017-02-28T12:42:33+00:00","og_image":[{"width":512,"height":512,"url":"https:\/\/i0.wp.com\/www.iucuellar.org\/public\/2022\/07\/cropped-avatar_redondo_Twitter.png?fit=512%2C512&ssl=1","type":"image\/png"}],"author":"Comunicaci\u00f3n","twitter_card":"summary_large_image","twitter_creator":"@IU_CUELLAR","twitter_site":"@IU_CUELLAR","twitter_misc":{"Escrito por":"Comunicaci\u00f3n","Tiempo de lectura":"2 minutos"},"schema":{"@context":"https:\/\/schema.org","@graph":[{"@type":"Article","@id":"https:\/\/www.iucuellar.org\/?p=79#article","isPartOf":{"@id":"https:\/\/www.iucuellar.org\/?p=79"},"author":{"name":"Comunicaci\u00f3n","@id":"https:\/\/www.iucuellar.org\/#\/schema\/person\/0ed49683a220f525fdeb90989b5c672d"},"headline":"Se\u00f1or alcalde, \u00a1el IBI!","datePublished":"2008-10-16T19:46:51+00:00","dateModified":"2017-02-28T12:42:33+00:00","mainEntityOfPage":{"@id":"https:\/\/www.iucuellar.org\/?p=79"},"wordCount":408,"commentCount":0,"publisher":{"@id":"https:\/\/www.iucuellar.org\/#organization"},"articleSection":["Hacienda","Izquierda Unida"],"inLanguage":"es","potentialAction":[{"@type":"CommentAction","name":"Comment","target":["https:\/\/www.iucuellar.org\/?p=79#respond"]}]},{"@type":"WebPage","@id":"https:\/\/www.iucuellar.org\/?p=79","url":"https:\/\/www.iucuellar.org\/?p=79","name":"Se\u00f1or alcalde, \u00a1el IBI! - Izquierda Unida Cu\u00e9llar","isPartOf":{"@id":"https:\/\/www.iucuellar.org\/#website"},"datePublished":"2008-10-16T19:46:51+00:00","dateModified":"2017-02-28T12:42:33+00:00","breadcrumb":{"@id":"https:\/\/www.iucuellar.org\/?p=79#breadcrumb"},"inLanguage":"es","potentialAction":[{"@type":"ReadAction","target":["https:\/\/www.iucuellar.org\/?p=79"]}]},{"@type":"BreadcrumbList","@id":"https:\/\/www.iucuellar.org\/?p=79#breadcrumb","itemListElement":[{"@type":"ListItem","position":1,"name":"Inicio","item":"https:\/\/www.iucuellar.org\/"},{"@type":"ListItem","position":2,"name":"Se\u00f1or alcalde, \u00a1el IBI!"}]},{"@type":"WebSite","@id":"https:\/\/www.iucuellar.org\/#website","url":"https:\/\/www.iucuellar.org\/","name":"Izquierda Unida Cu\u00e9llar y Comarca","description":"Lugar de opini\u00f3n y discusi\u00f3n de la izquierda","publisher":{"@id":"https:\/\/www.iucuellar.org\/#organization"},"potentialAction":[{"@type":"SearchAction","target":{"@type":"EntryPoint","urlTemplate":"https:\/\/www.iucuellar.org\/?s={search_term_string}"},"query-input":"required name=search_term_string"}],"inLanguage":"es"},{"@type":"Organization","@id":"https:\/\/www.iucuellar.org\/#organization","name":"IU CUELLAR","url":"https:\/\/www.iucuellar.org\/","logo":{"@type":"ImageObject","inLanguage":"es","@id":"https:\/\/www.iucuellar.org\/#\/schema\/logo\/image\/","url":"https:\/\/i0.wp.com\/www.iucuellar.org\/public\/2022\/07\/cropped-avatar_redondo_Twitter.png?fit=512%2C512&ssl=1","contentUrl":"https:\/\/i0.wp.com\/www.iucuellar.org\/public\/2022\/07\/cropped-avatar_redondo_Twitter.png?fit=512%2C512&ssl=1","width":512,"height":512,"caption":"IU CUELLAR"},"image":{"@id":"https:\/\/www.iucuellar.org\/#\/schema\/logo\/image\/"},"sameAs":["https:\/\/www.facebook.com\/iucuellar","https:\/\/x.com\/IU_CUELLAR","https:\/\/www.instagram.com\/iucuellar\/","https:\/\/www.threads.net\/@iucuellar"]},{"@type":"Person","@id":"https:\/\/www.iucuellar.org\/#\/schema\/person\/0ed49683a220f525fdeb90989b5c672d","name":"Comunicaci\u00f3n","image":{"@type":"ImageObject","inLanguage":"es","@id":"https:\/\/www.iucuellar.org\/#\/schema\/person\/image\/","url":"https:\/\/secure.gravatar.com\/avatar\/1bb1e96b498ea4b5098098798744923e?s=96&d=mm&r=g","contentUrl":"https:\/\/secure.gravatar.com\/avatar\/1bb1e96b498ea4b5098098798744923e?s=96&d=mm&r=g","caption":"Comunicaci\u00f3n"},"url":"https:\/\/www.iucuellar.org\/?author=1"}]}},"jetpack_featured_media_url":"","jetpack_sharing_enabled":true,"jetpack_shortlink":"https:\/\/wp.me\/p8rn8P-1h","_links":{"self":[{"href":"https:\/\/www.iucuellar.org\/index.php?rest_route=\/wp\/v2\/posts\/79"}],"collection":[{"href":"https:\/\/www.iucuellar.org\/index.php?rest_route=\/wp\/v2\/posts"}],"about":[{"href":"https:\/\/www.iucuellar.org\/index.php?rest_route=\/wp\/v2\/types\/post"}],"author":[{"embeddable":true,"href":"https:\/\/www.iucuellar.org\/index.php?rest_route=\/wp\/v2\/users\/1"}],"replies":[{"embeddable":true,"href":"https:\/\/www.iucuellar.org\/index.php?rest_route=%2Fwp%2Fv2%2Fcomments&post=79"}],"version-history":[{"count":3,"href":"https:\/\/www.iucuellar.org\/index.php?rest_route=\/wp\/v2\/posts\/79\/revisions"}],"predecessor-version":[{"id":118,"href":"https:\/\/www.iucuellar.org\/index.php?rest_route=\/wp\/v2\/posts\/79\/revisions\/118"}],"wp:attachment":[{"href":"https:\/\/www.iucuellar.org\/index.php?rest_route=%2Fwp%2Fv2%2Fmedia&parent=79"}],"wp:term":[{"taxonomy":"category","embeddable":true,"href":"https:\/\/www.iucuellar.org\/index.php?rest_route=%2Fwp%2Fv2%2Fcategories&post=79"},{"taxonomy":"post_tag","embeddable":true,"href":"https:\/\/www.iucuellar.org\/index.php?rest_route=%2Fwp%2Fv2%2Ftags&post=79"}],"curies":[{"name":"wp","href":"https:\/\/api.w.org\/{rel}","templated":true}]}}