{"id":842,"date":"2012-04-15T10:59:36","date_gmt":"2012-04-15T08:59:36","guid":{"rendered":"http:\/\/www.iucuellar.org\/?p=842"},"modified":"2012-04-15T13:40:16","modified_gmt":"2012-04-15T11:40:16","slug":"y-para-rematar-la-faena%e2%80%a6-3","status":"publish","type":"post","link":"https:\/\/www.iucuellar.org\/?p=842","title":{"rendered":"Y PARA REMATAR LA FAENA\u2026"},"content":{"rendered":"<p style=\"text-align: center;\">\u00bfPOR DONDE PIENSAN QUE TENEMOS QUE PASAR LOS PEATONES?<\/p>\n<p style=\"text-align: center;\"><img loading=\"lazy\" decoding=\"async\" class=\"aligncenter size-medium wp-image-843\" title=\"02042012029\" src=\"https:\/\/i0.wp.com\/www.iucuellar.org\/public\/2012\/04\/020420120295.jpg?resize=300%2C225&#038;ssl=1\" alt=\"\" width=\"300\" height=\"225\" srcset=\"https:\/\/i0.wp.com\/www.iucuellar.org\/public\/2012\/04\/020420120295.jpg?resize=300%2C225&amp;ssl=1 300w, https:\/\/i0.wp.com\/www.iucuellar.org\/public\/2012\/04\/020420120295.jpg?resize=1024%2C768&amp;ssl=1 1024w, https:\/\/i0.wp.com\/www.iucuellar.org\/public\/2012\/04\/020420120295.jpg?w=1600&amp;ssl=1 1600w\" sizes=\"(max-width: 300px) 100vw, 300px\" data-recalc-dims=\"1\" \/><\/p>\n<p style=\"text-align: center;\">\u00bfQUI\u00c9N ES EL \u201cLUMBRERAS\u201d RESPONSABLE DE ESTE DESPROP\u00d3SITO?<\/p>\n<p style=\"text-align: center;\">\u00bfHAN TENIDO QUE HACER UN ESTUDIO PARA COLOCAR EL CONTENEDOR ALLI?<\/p>\n","protected":false},"excerpt":{"rendered":"<p>\u00bfPOR DONDE PIENSAN QUE TENEMOS QUE PASAR LOS PEATONES? \u00bfQUI\u00c9N ES EL \u201cLUMBRERAS\u201d RESPONSABLE DE ESTE DESPROP\u00d3SITO? \u00bfHAN TENIDO QUE<\/p>\n","protected":false},"author":25,"featured_media":0,"comment_status":"open","ping_status":"open","sticky":false,"template":"","format":"standard","meta":{"sfsi_plus_gutenberg_text_before_share":"","sfsi_plus_gutenberg_show_text_before_share":"","sfsi_plus_gutenberg_icon_type":"","sfsi_plus_gutenberg_icon_alignemt":"","sfsi_plus_gutenburg_max_per_row":"","_exactmetrics_skip_tracking":false,"_exactmetrics_sitenote_active":false,"_exactmetrics_sitenote_note":"","_exactmetrics_sitenote_category":0,"ngg_post_thumbnail":0,"_jetpack_memberships_contains_paid_content":false,"footnotes":""},"categories":[15,12],"tags":[],"yoast_head":"<!-- This site is optimized with the Yoast SEO plugin v22.9 - https:\/\/yoast.com\/wordpress\/plugins\/seo\/ -->\r\n<title>Y PARA REMATAR LA FAENA\u2026  - Izquierda Unida Cu\u00e9llar<\/title>\r\n<meta name=\"robots\" content=\"index, follow, max-snippet:-1, max-image-preview:large, max-video-preview:-1\" \/>\r\n<link rel=\"canonical\" href=\"https:\/\/www.iucuellar.org\/?p=842\" \/>\r\n<meta property=\"og:locale\" content=\"es_ES\" \/>\r\n<meta property=\"og:type\" content=\"article\" \/>\r\n<meta property=\"og:title\" content=\"Y PARA REMATAR LA FAENA\u2026  - Izquierda Unida Cu\u00e9llar\" \/>\r\n<meta property=\"og:description\" content=\"\u00bfPOR DONDE PIENSAN QUE TENEMOS QUE PASAR LOS PEATONES? \u00bfQUI\u00c9N ES EL \u201cLUMBRERAS\u201d RESPONSABLE DE ESTE DESPROP\u00d3SITO? \u00bfHAN TENIDO QUE\" \/>\r\n<meta property=\"og:url\" content=\"https:\/\/www.iucuellar.org\/?p=842\" \/>\r\n<meta property=\"og:site_name\" content=\"Izquierda Unida Cu\u00e9llar\" \/>\r\n<meta property=\"article:publisher\" content=\"https:\/\/www.facebook.com\/iucuellar\" \/>\r\n<meta property=\"article:published_time\" content=\"2012-04-15T08:59:36+00:00\" \/>\r\n<meta property=\"article:modified_time\" content=\"2012-04-15T11:40:16+00:00\" \/>\r\n<meta property=\"og:image\" content=\"http:\/\/www.iucuellar.org\/public\/2012\/04\/020420120295-300x225.jpg\" \/>\r\n<meta name=\"author\" content=\"Miguel Angel\" \/>\r\n<meta name=\"twitter:card\" content=\"summary_large_image\" \/>\r\n<meta name=\"twitter:creator\" content=\"@IU_CUELLAR\" \/>\r\n<meta name=\"twitter:site\" content=\"@IU_CUELLAR\" \/>\r\n<meta name=\"twitter:label1\" content=\"Escrito por\" \/>\n\t<meta name=\"twitter:data1\" content=\"Miguel Angel\" \/>\r\n<script type=\"application\/ld+json\" class=\"yoast-schema-graph\">{\"@context\":\"https:\/\/schema.org\",\"@graph\":[{\"@type\":\"Article\",\"@id\":\"https:\/\/www.iucuellar.org\/?p=842#article\",\"isPartOf\":{\"@id\":\"https:\/\/www.iucuellar.org\/?p=842\"},\"author\":{\"name\":\"Miguel Angel\",\"@id\":\"https:\/\/www.iucuellar.org\/#\/schema\/person\/e2b7a3cbc49eec6f9e20feaa2b428b98\"},\"headline\":\"Y PARA REMATAR LA FAENA\u2026\",\"datePublished\":\"2012-04-15T08:59:36+00:00\",\"dateModified\":\"2012-04-15T11:40:16+00:00\",\"mainEntityOfPage\":{\"@id\":\"https:\/\/www.iucuellar.org\/?p=842\"},\"wordCount\":35,\"commentCount\":0,\"publisher\":{\"@id\":\"https:\/\/www.iucuellar.org\/#organization\"},\"image\":{\"@id\":\"https:\/\/www.iucuellar.org\/?p=842#primaryimage\"},\"thumbnailUrl\":\"http:\/\/www.iucuellar.org\/public\/2012\/04\/020420120295-300x225.jpg\",\"articleSection\":[\"Tr\u00e1fico y seguridad vial\",\"Urbanismo\"],\"inLanguage\":\"es\",\"potentialAction\":[{\"@type\":\"CommentAction\",\"name\":\"Comment\",\"target\":[\"https:\/\/www.iucuellar.org\/?p=842#respond\"]}]},{\"@type\":\"WebPage\",\"@id\":\"https:\/\/www.iucuellar.org\/?p=842\",\"url\":\"https:\/\/www.iucuellar.org\/?p=842\",\"name\":\"Y PARA REMATAR LA FAENA\u2026 - Izquierda Unida Cu\u00e9llar\",\"isPartOf\":{\"@id\":\"https:\/\/www.iucuellar.org\/#website\"},\"primaryImageOfPage\":{\"@id\":\"https:\/\/www.iucuellar.org\/?p=842#primaryimage\"},\"image\":{\"@id\":\"https:\/\/www.iucuellar.org\/?p=842#primaryimage\"},\"thumbnailUrl\":\"http:\/\/www.iucuellar.org\/public\/2012\/04\/020420120295-300x225.jpg\",\"datePublished\":\"2012-04-15T08:59:36+00:00\",\"dateModified\":\"2012-04-15T11:40:16+00:00\",\"breadcrumb\":{\"@id\":\"https:\/\/www.iucuellar.org\/?p=842#breadcrumb\"},\"inLanguage\":\"es\",\"potentialAction\":[{\"@type\":\"ReadAction\",\"target\":[\"https:\/\/www.iucuellar.org\/?p=842\"]}]},{\"@type\":\"ImageObject\",\"inLanguage\":\"es\",\"@id\":\"https:\/\/www.iucuellar.org\/?p=842#primaryimage\",\"url\":\"https:\/\/i0.wp.com\/www.iucuellar.org\/public\/2012\/04\/020420120295.jpg?fit=1600%2C1200&ssl=1\",\"contentUrl\":\"https:\/\/i0.wp.com\/www.iucuellar.org\/public\/2012\/04\/020420120295.jpg?fit=1600%2C1200&ssl=1\",\"width\":\"1600\",\"height\":\"1200\"},{\"@type\":\"BreadcrumbList\",\"@id\":\"https:\/\/www.iucuellar.org\/?p=842#breadcrumb\",\"itemListElement\":[{\"@type\":\"ListItem\",\"position\":1,\"name\":\"Inicio\",\"item\":\"https:\/\/www.iucuellar.org\/\"},{\"@type\":\"ListItem\",\"position\":2,\"name\":\"Y PARA REMATAR LA FAENA\u2026\"}]},{\"@type\":\"WebSite\",\"@id\":\"https:\/\/www.iucuellar.org\/#website\",\"url\":\"https:\/\/www.iucuellar.org\/\",\"name\":\"Izquierda Unida Cu\u00e9llar y Comarca\",\"description\":\"Lugar de opini\u00f3n y discusi\u00f3n de la izquierda\",\"publisher\":{\"@id\":\"https:\/\/www.iucuellar.org\/#organization\"},\"potentialAction\":[{\"@type\":\"SearchAction\",\"target\":{\"@type\":\"EntryPoint\",\"urlTemplate\":\"https:\/\/www.iucuellar.org\/?s={search_term_string}\"},\"query-input\":\"required name=search_term_string\"}],\"inLanguage\":\"es\"},{\"@type\":\"Organization\",\"@id\":\"https:\/\/www.iucuellar.org\/#organization\",\"name\":\"IU CUELLAR\",\"url\":\"https:\/\/www.iucuellar.org\/\",\"logo\":{\"@type\":\"ImageObject\",\"inLanguage\":\"es\",\"@id\":\"https:\/\/www.iucuellar.org\/#\/schema\/logo\/image\/\",\"url\":\"https:\/\/i0.wp.com\/www.iucuellar.org\/public\/2022\/07\/cropped-avatar_redondo_Twitter.png?fit=512%2C512&ssl=1\",\"contentUrl\":\"https:\/\/i0.wp.com\/www.iucuellar.org\/public\/2022\/07\/cropped-avatar_redondo_Twitter.png?fit=512%2C512&ssl=1\",\"width\":512,\"height\":512,\"caption\":\"IU CUELLAR\"},\"image\":{\"@id\":\"https:\/\/www.iucuellar.org\/#\/schema\/logo\/image\/\"},\"sameAs\":[\"https:\/\/www.facebook.com\/iucuellar\",\"https:\/\/x.com\/IU_CUELLAR\",\"https:\/\/www.instagram.com\/iucuellar\/\",\"https:\/\/www.threads.net\/@iucuellar\"]},{\"@type\":\"Person\",\"@id\":\"https:\/\/www.iucuellar.org\/#\/schema\/person\/e2b7a3cbc49eec6f9e20feaa2b428b98\",\"name\":\"Miguel Angel\",\"image\":{\"@type\":\"ImageObject\",\"inLanguage\":\"es\",\"@id\":\"https:\/\/www.iucuellar.org\/#\/schema\/person\/image\/\",\"url\":\"https:\/\/secure.gravatar.com\/avatar\/5ff2f4d3e6eccb2d10b027ea0653fa74?s=96&d=mm&r=g\",\"contentUrl\":\"https:\/\/secure.gravatar.com\/avatar\/5ff2f4d3e6eccb2d10b027ea0653fa74?s=96&d=mm&r=g\",\"caption\":\"Miguel Angel\"},\"url\":\"https:\/\/www.iucuellar.org\/?author=25\"}]}<\/script>\r\n<!-- \/ Yoast SEO plugin. -->","yoast_head_json":{"title":"Y PARA REMATAR LA FAENA\u2026  - Izquierda Unida Cu\u00e9llar","robots":{"index":"index","follow":"follow","max-snippet":"max-snippet:-1","max-image-preview":"max-image-preview:large","max-video-preview":"max-video-preview:-1"},"canonical":"https:\/\/www.iucuellar.org\/?p=842","og_locale":"es_ES","og_type":"article","og_title":"Y PARA REMATAR LA FAENA\u2026  - Izquierda Unida Cu\u00e9llar","og_description":"\u00bfPOR DONDE PIENSAN QUE TENEMOS QUE PASAR LOS PEATONES? \u00bfQUI\u00c9N ES EL \u201cLUMBRERAS\u201d RESPONSABLE DE ESTE DESPROP\u00d3SITO? \u00bfHAN TENIDO QUE","og_url":"https:\/\/www.iucuellar.org\/?p=842","og_site_name":"Izquierda Unida Cu\u00e9llar","article_publisher":"https:\/\/www.facebook.com\/iucuellar","article_published_time":"2012-04-15T08:59:36+00:00","article_modified_time":"2012-04-15T11:40:16+00:00","og_image":[{"url":"http:\/\/www.iucuellar.org\/public\/2012\/04\/020420120295-300x225.jpg"}],"author":"Miguel Angel","twitter_card":"summary_large_image","twitter_creator":"@IU_CUELLAR","twitter_site":"@IU_CUELLAR","twitter_misc":{"Escrito por":"Miguel Angel"},"schema":{"@context":"https:\/\/schema.org","@graph":[{"@type":"Article","@id":"https:\/\/www.iucuellar.org\/?p=842#article","isPartOf":{"@id":"https:\/\/www.iucuellar.org\/?p=842"},"author":{"name":"Miguel Angel","@id":"https:\/\/www.iucuellar.org\/#\/schema\/person\/e2b7a3cbc49eec6f9e20feaa2b428b98"},"headline":"Y PARA REMATAR LA FAENA\u2026","datePublished":"2012-04-15T08:59:36+00:00","dateModified":"2012-04-15T11:40:16+00:00","mainEntityOfPage":{"@id":"https:\/\/www.iucuellar.org\/?p=842"},"wordCount":35,"commentCount":0,"publisher":{"@id":"https:\/\/www.iucuellar.org\/#organization"},"image":{"@id":"https:\/\/www.iucuellar.org\/?p=842#primaryimage"},"thumbnailUrl":"http:\/\/www.iucuellar.org\/public\/2012\/04\/020420120295-300x225.jpg","articleSection":["Tr\u00e1fico y seguridad vial","Urbanismo"],"inLanguage":"es","potentialAction":[{"@type":"CommentAction","name":"Comment","target":["https:\/\/www.iucuellar.org\/?p=842#respond"]}]},{"@type":"WebPage","@id":"https:\/\/www.iucuellar.org\/?p=842","url":"https:\/\/www.iucuellar.org\/?p=842","name":"Y PARA REMATAR LA FAENA\u2026 - Izquierda Unida Cu\u00e9llar","isPartOf":{"@id":"https:\/\/www.iucuellar.org\/#website"},"primaryImageOfPage":{"@id":"https:\/\/www.iucuellar.org\/?p=842#primaryimage"},"image":{"@id":"https:\/\/www.iucuellar.org\/?p=842#primaryimage"},"thumbnailUrl":"http:\/\/www.iucuellar.org\/public\/2012\/04\/020420120295-300x225.jpg","datePublished":"2012-04-15T08:59:36+00:00","dateModified":"2012-04-15T11:40:16+00:00","breadcrumb":{"@id":"https:\/\/www.iucuellar.org\/?p=842#breadcrumb"},"inLanguage":"es","potentialAction":[{"@type":"ReadAction","target":["https:\/\/www.iucuellar.org\/?p=842"]}]},{"@type":"ImageObject","inLanguage":"es","@id":"https:\/\/www.iucuellar.org\/?p=842#primaryimage","url":"https:\/\/i0.wp.com\/www.iucuellar.org\/public\/2012\/04\/020420120295.jpg?fit=1600%2C1200&ssl=1","contentUrl":"https:\/\/i0.wp.com\/www.iucuellar.org\/public\/2012\/04\/020420120295.jpg?fit=1600%2C1200&ssl=1","width":"1600","height":"1200"},{"@type":"BreadcrumbList","@id":"https:\/\/www.iucuellar.org\/?p=842#breadcrumb","itemListElement":[{"@type":"ListItem","position":1,"name":"Inicio","item":"https:\/\/www.iucuellar.org\/"},{"@type":"ListItem","position":2,"name":"Y PARA REMATAR LA FAENA\u2026"}]},{"@type":"WebSite","@id":"https:\/\/www.iucuellar.org\/#website","url":"https:\/\/www.iucuellar.org\/","name":"Izquierda Unida Cu\u00e9llar y Comarca","description":"Lugar de opini\u00f3n y discusi\u00f3n de la izquierda","publisher":{"@id":"https:\/\/www.iucuellar.org\/#organization"},"potentialAction":[{"@type":"SearchAction","target":{"@type":"EntryPoint","urlTemplate":"https:\/\/www.iucuellar.org\/?s={search_term_string}"},"query-input":"required name=search_term_string"}],"inLanguage":"es"},{"@type":"Organization","@id":"https:\/\/www.iucuellar.org\/#organization","name":"IU CUELLAR","url":"https:\/\/www.iucuellar.org\/","logo":{"@type":"ImageObject","inLanguage":"es","@id":"https:\/\/www.iucuellar.org\/#\/schema\/logo\/image\/","url":"https:\/\/i0.wp.com\/www.iucuellar.org\/public\/2022\/07\/cropped-avatar_redondo_Twitter.png?fit=512%2C512&ssl=1","contentUrl":"https:\/\/i0.wp.com\/www.iucuellar.org\/public\/2022\/07\/cropped-avatar_redondo_Twitter.png?fit=512%2C512&ssl=1","width":512,"height":512,"caption":"IU CUELLAR"},"image":{"@id":"https:\/\/www.iucuellar.org\/#\/schema\/logo\/image\/"},"sameAs":["https:\/\/www.facebook.com\/iucuellar","https:\/\/x.com\/IU_CUELLAR","https:\/\/www.instagram.com\/iucuellar\/","https:\/\/www.threads.net\/@iucuellar"]},{"@type":"Person","@id":"https:\/\/www.iucuellar.org\/#\/schema\/person\/e2b7a3cbc49eec6f9e20feaa2b428b98","name":"Miguel Angel","image":{"@type":"ImageObject","inLanguage":"es","@id":"https:\/\/www.iucuellar.org\/#\/schema\/person\/image\/","url":"https:\/\/secure.gravatar.com\/avatar\/5ff2f4d3e6eccb2d10b027ea0653fa74?s=96&d=mm&r=g","contentUrl":"https:\/\/secure.gravatar.com\/avatar\/5ff2f4d3e6eccb2d10b027ea0653fa74?s=96&d=mm&r=g","caption":"Miguel Angel"},"url":"https:\/\/www.iucuellar.org\/?author=25"}]}},"jetpack_featured_media_url":"","jetpack_sharing_enabled":true,"jetpack_shortlink":"https:\/\/wp.me\/p8rn8P-dA","_links":{"self":[{"href":"https:\/\/www.iucuellar.org\/index.php?rest_route=\/wp\/v2\/posts\/842"}],"collection":[{"href":"https:\/\/www.iucuellar.org\/index.php?rest_route=\/wp\/v2\/posts"}],"about":[{"href":"https:\/\/www.iucuellar.org\/index.php?rest_route=\/wp\/v2\/types\/post"}],"author":[{"embeddable":true,"href":"https:\/\/www.iucuellar.org\/index.php?rest_route=\/wp\/v2\/users\/25"}],"replies":[{"embeddable":true,"href":"https:\/\/www.iucuellar.org\/index.php?rest_route=%2Fwp%2Fv2%2Fcomments&post=842"}],"version-history":[{"count":11,"href":"https:\/\/www.iucuellar.org\/index.php?rest_route=\/wp\/v2\/posts\/842\/revisions"}],"predecessor-version":[{"id":863,"href":"https:\/\/www.iucuellar.org\/index.php?rest_route=\/wp\/v2\/posts\/842\/revisions\/863"}],"wp:attachment":[{"href":"https:\/\/www.iucuellar.org\/index.php?rest_route=%2Fwp%2Fv2%2Fmedia&parent=842"}],"wp:term":[{"taxonomy":"category","embeddable":true,"href":"https:\/\/www.iucuellar.org\/index.php?rest_route=%2Fwp%2Fv2%2Fcategories&post=842"},{"taxonomy":"post_tag","embeddable":true,"href":"https:\/\/www.iucuellar.org\/index.php?rest_route=%2Fwp%2Fv2%2Ftags&post=842"}],"curies":[{"name":"wp","href":"https:\/\/api.w.org\/{rel}","templated":true}]}}