{"id":865,"date":"2012-05-17T01:09:17","date_gmt":"2012-05-16T23:09:17","guid":{"rendered":"http:\/\/www.iucuellar.org\/?p=865"},"modified":"2012-05-17T02:01:25","modified_gmt":"2012-05-17T00:01:25","slug":"de-los-toros-y-la-crisis","status":"publish","type":"post","link":"https:\/\/www.iucuellar.org\/?p=865","title":{"rendered":"De los toros y la crisis"},"content":{"rendered":"<p>Ante las \u00faltimas declaraciones realizadas por distintos colectivos y partidos pol\u00edticos sobre la organizaci\u00f3n de los encierros y feria taurina de este a\u00f1o, desde Izquierda Unida queremos dejar clara nuestra postura.<\/p>\n<p>Una vez m\u00e1s decimos que hemos sido el \u00fanico partido pol\u00edtico que desde sus comienzos (26 a\u00f1os), siempre hemos votado en contra de cualquier gesti\u00f3n privada de los encierros de Cu\u00e9llar y por lo tanto de todos y cada uno de los Pliegos de Condiciones que hayan existido.<\/p>\n<p style=\"text-align: center;\"><img loading=\"lazy\" decoding=\"async\" class=\"aligncenter\" src=\"https:\/\/i0.wp.com\/www.iucuellar.org\/2012\/imagenes\/TEncierro.jpg?resize=466%2C262&#038;ssl=1\" alt=\"\" width=\"466\" height=\"262\" data-recalc-dims=\"1\" \/><\/p>\n<p>Hemos defendido y defenderemos la gesti\u00f3n p\u00fablica de cada uno de los servicios que presta nuestro Ayuntamiento y en este caso, reiteramos que para la organizaci\u00f3n de las fiestas se debe contar con la mayor parte de la sociedad cuellarana, pues entendemos que la fiesta es de todos\/as y no del\/la concejal de turno y no nos referimos s\u00f3lo a los toros, sino al resto de actividades que se programan en estas, es lo que nosotros llamamos <strong>participaci\u00f3n ciudadana.<\/strong><\/p>\n<p>Pensamos que dada la situaci\u00f3n por la que atraviesa el municipio y no solo nos referimos a la del Ayuntamiento, cuya deuda es insostenible gracias a las gestiones del PSOE y del PP, sino a la de muchos ciudadanos y ciudadanas que est\u00e1n en paro o en regulaciones de empleo pas\u00e1ndolo francamente mal, es indecente gastar 210.000 \u20ac en toros, como ocurri\u00f3 el a\u00f1o pasado. De esto el \u00fanico responsable fue el PP, pues rescindi\u00f3 el contrato con el antiguo empresario en v\u00edsperas de las fiestas y no tuvieron el tiempo suficiente ni quisieron contar con el resto de grupos pol\u00edticos para su organizaci\u00f3n, algo que desde IU, criticamos en su d\u00eda.<\/p>\n<p style=\"text-align: center;\"><img loading=\"lazy\" decoding=\"async\" class=\"aligncenter\" src=\"https:\/\/i0.wp.com\/www.iucuellar.org\/2012\/imagenes\/TGigantesCabezudos.jpg?resize=482%2C361&#038;ssl=1\" alt=\"\" width=\"482\" height=\"361\" data-recalc-dims=\"1\" \/><\/p>\n<p>Este a\u00f1o algo ha cambiado y hemos sido invitados a participar junto al otro partido de la oposici\u00f3n, las pe\u00f1as y asociaciones taurinas en la elaboraci\u00f3n de los encierros y corridas, entendemos que con la intenci\u00f3n de, sin desmejorar los encierros, gastar lo m\u00ednimo posible.<\/p>\n<p>La propuesta con la que IU ha ido a las reuniones del denominado \u201cgrupo de trabajo para la organizaci\u00f3n de los encierros\u201d, es la siguiente:<\/p>\n<p>1- Las decisiones del grupo <strong>deben ser vinculantes siempre que se ajusten al presupuesto marcado,<\/strong> (el presupuesto lo marca el equipo de gobierno, aunque a fecha de hoy lo desconocemos).<\/p>\n<p>2- Eliminaci\u00f3n de la corrida del domingo y sustituirla por un concurso de recortes.<\/p>\n<p>3- Mantener la corrida de rejones del lunes, pero rebajando el coste.<\/p>\n<p>4- Eliminaci\u00f3n de la novillada del martes y buscar otro tipo de espect\u00e1culo.<\/p>\n<p>5- Mantener la corrida del mi\u00e9rcoles, pero rebajando el coste.<\/p>\n<p>6- Mantener la novillada del jueves.<\/p>\n<p>Entendemos que eliminando la corrida del domingo el ahorro es importante y otro tanto con la del martes, pues los novillos del encierro se emplear\u00edan para las probadillas de los siguientes d\u00edas.<\/p>\n<p>7- El dinero ahorrado respecto a otros a\u00f1os (si llega a producirse) <strong>debe ser empleado a la contrataci\u00f3n de personal.<\/strong><\/p>\n<p style=\"text-align: center;\"><strong><img loading=\"lazy\" decoding=\"async\" class=\"aligncenter\" src=\"https:\/\/i0.wp.com\/www.iucuellar.org\/2012\/imagenes\/TAreners.jpg?resize=471%2C353&#038;ssl=1\" alt=\"\" width=\"471\" height=\"353\" data-recalc-dims=\"1\" \/><br \/>\n<\/strong><\/p>\n<p>Tenemos claro que no toda nuestra propuesta va a ser aceptada, pero si coincidimos en parte con el equipo de gobierno y las asociaciones que est\u00e1n dispuestas a trabajar en este grupo, seguiremos adelante, lo que s\u00ed criticaremos ser\u00e1 que si se ahorra dinero no sea empleado para los fines que proponemos.<\/p>\n<p>Queda claro que la postura de la oposici\u00f3n, en lo que se refiere a IU  no es \u201ctibia\u201d como han declarado algunos, que por un lado critican la gesti\u00f3n y por otro entregan premios a la misma persona.<\/p>\n<p>Todos somos conscientes de la repercusi\u00f3n al exterior del encierro del domingo, dado el n\u00famero de personas y medios de comunicaci\u00f3n que nos acompa\u00f1an ese d\u00eda, pero<strong> respetando escrupulosamente<\/strong> las declaraciones que se est\u00e1n haciendo al respecto, creemos que se est\u00e1 haciendo un flaco favor a Cu\u00e9llar y nuestra fiesta. Nos referimos a palabras como orgullo, engrandecimiento, prestigio, pureza, dignidad,  que parecen sacadas de otra \u00e9poca.<\/p>\n<p>Por otra parte, \u00bf c\u00f3mo se mide esto ?, \u00bfcorriendo  novillos en domingo o  unos toros que suben por las calles andando de uno en uno y en algunos casos viendo como se tumban en medio de la calle, como ha ocurrido en los \u00faltimos a\u00f1os?.<\/p>\n<p style=\"text-align: center;\"><img loading=\"lazy\" decoding=\"async\" class=\"aligncenter\" src=\"https:\/\/i0.wp.com\/www.iucuellar.org\/2012\/imagenes\/TRecortandoYSaltando.jpg?resize=467%2C350&#038;ssl=1\" alt=\"\" width=\"467\" height=\"350\" data-recalc-dims=\"1\" \/><\/p>\n<p>Qu\u00e9 es m\u00e1s importante, \u00bfun encierro con novillos o un ahorro de dinero que puede ser empleado en la mejora de la vida diaria?<\/p>\n<p>Sabemos que nosotros no vamos a decidir en que se emplea el dinero \u201cahorrado\u201d, pero si podemos contribuir a ese ahorro lo haremos, porque para eso nos presentamos a unas elecciones para intentar mejorar la vida cotidiana de la ciudadan\u00eda. Por lo que desde IU pedimos que al igual que respetamos la decisi\u00f3n de unos al no tomar parte de este grupo de trabajo, se respete a los componentes del mismo y no se haga demagogia, ni se intente calentar el ambiente sin sentido con algo como las fiestas, que en estos tiempos de \u201ccrisis\u201d puede ser lo \u00fanico que nos relaje un poco.<\/p>\n<p style=\"text-align: center;\"><div class=\"jetpack-video-wrapper\"><iframe loading=\"lazy\" title=\"El encierro por el estival\" width=\"800\" height=\"450\" src=\"https:\/\/www.youtube.com\/embed\/QC99uBaT1Wg?feature=oembed\" frameborder=\"0\" allow=\"accelerometer; autoplay; clipboard-write; encrypted-media; gyroscope; picture-in-picture\" allowfullscreen><\/iframe><\/div><\/p>\n","protected":false},"excerpt":{"rendered":"<p>Ante las \u00faltimas declaraciones realizadas por distintos colectivos y partidos pol\u00edticos sobre la organizaci\u00f3n de los encierros y feria taurina<\/p>\n","protected":false},"author":1,"featured_media":0,"comment_status":"open","ping_status":"open","sticky":false,"template":"","format":"standard","meta":{"sfsi_plus_gutenberg_text_before_share":"","sfsi_plus_gutenberg_show_text_before_share":"","sfsi_plus_gutenberg_icon_type":"","sfsi_plus_gutenberg_icon_alignemt":"","sfsi_plus_gutenburg_max_per_row":"","_exactmetrics_skip_tracking":false,"_exactmetrics_sitenote_active":false,"_exactmetrics_sitenote_note":"","_exactmetrics_sitenote_category":0,"ngg_post_thumbnail":0,"_jetpack_memberships_contains_paid_content":false,"footnotes":""},"categories":[5],"tags":[],"yoast_head":"<!-- This site is optimized with the Yoast SEO plugin v22.9 - https:\/\/yoast.com\/wordpress\/plugins\/seo\/ -->\r\n<title>De los toros y la crisis - Izquierda Unida Cu\u00e9llar<\/title>\r\n<meta name=\"robots\" content=\"index, follow, max-snippet:-1, max-image-preview:large, max-video-preview:-1\" \/>\r\n<link rel=\"canonical\" href=\"https:\/\/www.iucuellar.org\/?p=865\" \/>\r\n<meta property=\"og:locale\" content=\"es_ES\" \/>\r\n<meta property=\"og:type\" content=\"article\" \/>\r\n<meta property=\"og:title\" content=\"De los toros y la crisis - Izquierda Unida Cu\u00e9llar\" \/>\r\n<meta property=\"og:description\" content=\"Ante las \u00faltimas declaraciones realizadas por distintos colectivos y partidos pol\u00edticos sobre la organizaci\u00f3n de los encierros y feria taurina\" \/>\r\n<meta property=\"og:url\" content=\"https:\/\/www.iucuellar.org\/?p=865\" \/>\r\n<meta property=\"og:site_name\" content=\"Izquierda Unida Cu\u00e9llar\" \/>\r\n<meta property=\"article:publisher\" content=\"https:\/\/www.facebook.com\/iucuellar\" \/>\r\n<meta property=\"article:published_time\" content=\"2012-05-16T23:09:17+00:00\" \/>\r\n<meta property=\"article:modified_time\" content=\"2012-05-17T00:01:25+00:00\" \/>\r\n<meta property=\"og:image\" content=\"http:\/\/www.iucuellar.org\/2012\/imagenes\/TEncierro.jpg\" \/>\r\n<meta name=\"author\" content=\"Comunicaci\u00f3n\" \/>\r\n<meta name=\"twitter:card\" content=\"summary_large_image\" \/>\r\n<meta name=\"twitter:creator\" content=\"@IU_CUELLAR\" \/>\r\n<meta name=\"twitter:site\" content=\"@IU_CUELLAR\" \/>\r\n<meta name=\"twitter:label1\" content=\"Escrito por\" \/>\n\t<meta name=\"twitter:data1\" content=\"Comunicaci\u00f3n\" \/>\n\t<meta name=\"twitter:label2\" content=\"Tiempo de lectura\" \/>\n\t<meta name=\"twitter:data2\" content=\"4 minutos\" \/>\r\n<script type=\"application\/ld+json\" class=\"yoast-schema-graph\">{\"@context\":\"https:\/\/schema.org\",\"@graph\":[{\"@type\":\"Article\",\"@id\":\"https:\/\/www.iucuellar.org\/?p=865#article\",\"isPartOf\":{\"@id\":\"https:\/\/www.iucuellar.org\/?p=865\"},\"author\":{\"name\":\"Comunicaci\u00f3n\",\"@id\":\"https:\/\/www.iucuellar.org\/#\/schema\/person\/0ed49683a220f525fdeb90989b5c672d\"},\"headline\":\"De los toros y la crisis\",\"datePublished\":\"2012-05-16T23:09:17+00:00\",\"dateModified\":\"2012-05-17T00:01:25+00:00\",\"mainEntityOfPage\":{\"@id\":\"https:\/\/www.iucuellar.org\/?p=865\"},\"wordCount\":876,\"commentCount\":0,\"publisher\":{\"@id\":\"https:\/\/www.iucuellar.org\/#organization\"},\"image\":{\"@id\":\"https:\/\/www.iucuellar.org\/?p=865#primaryimage\"},\"thumbnailUrl\":\"http:\/\/www.iucuellar.org\/2012\/imagenes\/TEncierro.jpg\",\"articleSection\":[\"Festejos\"],\"inLanguage\":\"es\",\"potentialAction\":[{\"@type\":\"CommentAction\",\"name\":\"Comment\",\"target\":[\"https:\/\/www.iucuellar.org\/?p=865#respond\"]}]},{\"@type\":\"WebPage\",\"@id\":\"https:\/\/www.iucuellar.org\/?p=865\",\"url\":\"https:\/\/www.iucuellar.org\/?p=865\",\"name\":\"De los toros y la crisis - Izquierda Unida Cu\u00e9llar\",\"isPartOf\":{\"@id\":\"https:\/\/www.iucuellar.org\/#website\"},\"primaryImageOfPage\":{\"@id\":\"https:\/\/www.iucuellar.org\/?p=865#primaryimage\"},\"image\":{\"@id\":\"https:\/\/www.iucuellar.org\/?p=865#primaryimage\"},\"thumbnailUrl\":\"http:\/\/www.iucuellar.org\/2012\/imagenes\/TEncierro.jpg\",\"datePublished\":\"2012-05-16T23:09:17+00:00\",\"dateModified\":\"2012-05-17T00:01:25+00:00\",\"breadcrumb\":{\"@id\":\"https:\/\/www.iucuellar.org\/?p=865#breadcrumb\"},\"inLanguage\":\"es\",\"potentialAction\":[{\"@type\":\"ReadAction\",\"target\":[\"https:\/\/www.iucuellar.org\/?p=865\"]}]},{\"@type\":\"ImageObject\",\"inLanguage\":\"es\",\"@id\":\"https:\/\/www.iucuellar.org\/?p=865#primaryimage\",\"url\":\"http:\/\/www.iucuellar.org\/2012\/imagenes\/TEncierro.jpg\",\"contentUrl\":\"http:\/\/www.iucuellar.org\/2012\/imagenes\/TEncierro.jpg\"},{\"@type\":\"BreadcrumbList\",\"@id\":\"https:\/\/www.iucuellar.org\/?p=865#breadcrumb\",\"itemListElement\":[{\"@type\":\"ListItem\",\"position\":1,\"name\":\"Inicio\",\"item\":\"https:\/\/www.iucuellar.org\/\"},{\"@type\":\"ListItem\",\"position\":2,\"name\":\"De los toros y la crisis\"}]},{\"@type\":\"WebSite\",\"@id\":\"https:\/\/www.iucuellar.org\/#website\",\"url\":\"https:\/\/www.iucuellar.org\/\",\"name\":\"Izquierda Unida Cu\u00e9llar y Comarca\",\"description\":\"Lugar de opini\u00f3n y discusi\u00f3n de la izquierda\",\"publisher\":{\"@id\":\"https:\/\/www.iucuellar.org\/#organization\"},\"potentialAction\":[{\"@type\":\"SearchAction\",\"target\":{\"@type\":\"EntryPoint\",\"urlTemplate\":\"https:\/\/www.iucuellar.org\/?s={search_term_string}\"},\"query-input\":\"required name=search_term_string\"}],\"inLanguage\":\"es\"},{\"@type\":\"Organization\",\"@id\":\"https:\/\/www.iucuellar.org\/#organization\",\"name\":\"IU CUELLAR\",\"url\":\"https:\/\/www.iucuellar.org\/\",\"logo\":{\"@type\":\"ImageObject\",\"inLanguage\":\"es\",\"@id\":\"https:\/\/www.iucuellar.org\/#\/schema\/logo\/image\/\",\"url\":\"https:\/\/i0.wp.com\/www.iucuellar.org\/public\/2022\/07\/cropped-avatar_redondo_Twitter.png?fit=512%2C512&ssl=1\",\"contentUrl\":\"https:\/\/i0.wp.com\/www.iucuellar.org\/public\/2022\/07\/cropped-avatar_redondo_Twitter.png?fit=512%2C512&ssl=1\",\"width\":512,\"height\":512,\"caption\":\"IU CUELLAR\"},\"image\":{\"@id\":\"https:\/\/www.iucuellar.org\/#\/schema\/logo\/image\/\"},\"sameAs\":[\"https:\/\/www.facebook.com\/iucuellar\",\"https:\/\/x.com\/IU_CUELLAR\",\"https:\/\/www.instagram.com\/iucuellar\/\",\"https:\/\/www.threads.net\/@iucuellar\"]},{\"@type\":\"Person\",\"@id\":\"https:\/\/www.iucuellar.org\/#\/schema\/person\/0ed49683a220f525fdeb90989b5c672d\",\"name\":\"Comunicaci\u00f3n\",\"image\":{\"@type\":\"ImageObject\",\"inLanguage\":\"es\",\"@id\":\"https:\/\/www.iucuellar.org\/#\/schema\/person\/image\/\",\"url\":\"https:\/\/secure.gravatar.com\/avatar\/1bb1e96b498ea4b5098098798744923e?s=96&d=mm&r=g\",\"contentUrl\":\"https:\/\/secure.gravatar.com\/avatar\/1bb1e96b498ea4b5098098798744923e?s=96&d=mm&r=g\",\"caption\":\"Comunicaci\u00f3n\"},\"url\":\"https:\/\/www.iucuellar.org\/?author=1\"}]}<\/script>\r\n<!-- \/ Yoast SEO plugin. -->","yoast_head_json":{"title":"De los toros y la crisis - Izquierda Unida Cu\u00e9llar","robots":{"index":"index","follow":"follow","max-snippet":"max-snippet:-1","max-image-preview":"max-image-preview:large","max-video-preview":"max-video-preview:-1"},"canonical":"https:\/\/www.iucuellar.org\/?p=865","og_locale":"es_ES","og_type":"article","og_title":"De los toros y la crisis - Izquierda Unida Cu\u00e9llar","og_description":"Ante las \u00faltimas declaraciones realizadas por distintos colectivos y partidos pol\u00edticos sobre la organizaci\u00f3n de los encierros y feria taurina","og_url":"https:\/\/www.iucuellar.org\/?p=865","og_site_name":"Izquierda Unida Cu\u00e9llar","article_publisher":"https:\/\/www.facebook.com\/iucuellar","article_published_time":"2012-05-16T23:09:17+00:00","article_modified_time":"2012-05-17T00:01:25+00:00","og_image":[{"url":"http:\/\/www.iucuellar.org\/2012\/imagenes\/TEncierro.jpg"}],"author":"Comunicaci\u00f3n","twitter_card":"summary_large_image","twitter_creator":"@IU_CUELLAR","twitter_site":"@IU_CUELLAR","twitter_misc":{"Escrito por":"Comunicaci\u00f3n","Tiempo de lectura":"4 minutos"},"schema":{"@context":"https:\/\/schema.org","@graph":[{"@type":"Article","@id":"https:\/\/www.iucuellar.org\/?p=865#article","isPartOf":{"@id":"https:\/\/www.iucuellar.org\/?p=865"},"author":{"name":"Comunicaci\u00f3n","@id":"https:\/\/www.iucuellar.org\/#\/schema\/person\/0ed49683a220f525fdeb90989b5c672d"},"headline":"De los toros y la crisis","datePublished":"2012-05-16T23:09:17+00:00","dateModified":"2012-05-17T00:01:25+00:00","mainEntityOfPage":{"@id":"https:\/\/www.iucuellar.org\/?p=865"},"wordCount":876,"commentCount":0,"publisher":{"@id":"https:\/\/www.iucuellar.org\/#organization"},"image":{"@id":"https:\/\/www.iucuellar.org\/?p=865#primaryimage"},"thumbnailUrl":"http:\/\/www.iucuellar.org\/2012\/imagenes\/TEncierro.jpg","articleSection":["Festejos"],"inLanguage":"es","potentialAction":[{"@type":"CommentAction","name":"Comment","target":["https:\/\/www.iucuellar.org\/?p=865#respond"]}]},{"@type":"WebPage","@id":"https:\/\/www.iucuellar.org\/?p=865","url":"https:\/\/www.iucuellar.org\/?p=865","name":"De los toros y la crisis - Izquierda Unida Cu\u00e9llar","isPartOf":{"@id":"https:\/\/www.iucuellar.org\/#website"},"primaryImageOfPage":{"@id":"https:\/\/www.iucuellar.org\/?p=865#primaryimage"},"image":{"@id":"https:\/\/www.iucuellar.org\/?p=865#primaryimage"},"thumbnailUrl":"http:\/\/www.iucuellar.org\/2012\/imagenes\/TEncierro.jpg","datePublished":"2012-05-16T23:09:17+00:00","dateModified":"2012-05-17T00:01:25+00:00","breadcrumb":{"@id":"https:\/\/www.iucuellar.org\/?p=865#breadcrumb"},"inLanguage":"es","potentialAction":[{"@type":"ReadAction","target":["https:\/\/www.iucuellar.org\/?p=865"]}]},{"@type":"ImageObject","inLanguage":"es","@id":"https:\/\/www.iucuellar.org\/?p=865#primaryimage","url":"http:\/\/www.iucuellar.org\/2012\/imagenes\/TEncierro.jpg","contentUrl":"http:\/\/www.iucuellar.org\/2012\/imagenes\/TEncierro.jpg"},{"@type":"BreadcrumbList","@id":"https:\/\/www.iucuellar.org\/?p=865#breadcrumb","itemListElement":[{"@type":"ListItem","position":1,"name":"Inicio","item":"https:\/\/www.iucuellar.org\/"},{"@type":"ListItem","position":2,"name":"De los toros y la crisis"}]},{"@type":"WebSite","@id":"https:\/\/www.iucuellar.org\/#website","url":"https:\/\/www.iucuellar.org\/","name":"Izquierda Unida Cu\u00e9llar y Comarca","description":"Lugar de opini\u00f3n y discusi\u00f3n de la izquierda","publisher":{"@id":"https:\/\/www.iucuellar.org\/#organization"},"potentialAction":[{"@type":"SearchAction","target":{"@type":"EntryPoint","urlTemplate":"https:\/\/www.iucuellar.org\/?s={search_term_string}"},"query-input":"required name=search_term_string"}],"inLanguage":"es"},{"@type":"Organization","@id":"https:\/\/www.iucuellar.org\/#organization","name":"IU CUELLAR","url":"https:\/\/www.iucuellar.org\/","logo":{"@type":"ImageObject","inLanguage":"es","@id":"https:\/\/www.iucuellar.org\/#\/schema\/logo\/image\/","url":"https:\/\/i0.wp.com\/www.iucuellar.org\/public\/2022\/07\/cropped-avatar_redondo_Twitter.png?fit=512%2C512&ssl=1","contentUrl":"https:\/\/i0.wp.com\/www.iucuellar.org\/public\/2022\/07\/cropped-avatar_redondo_Twitter.png?fit=512%2C512&ssl=1","width":512,"height":512,"caption":"IU CUELLAR"},"image":{"@id":"https:\/\/www.iucuellar.org\/#\/schema\/logo\/image\/"},"sameAs":["https:\/\/www.facebook.com\/iucuellar","https:\/\/x.com\/IU_CUELLAR","https:\/\/www.instagram.com\/iucuellar\/","https:\/\/www.threads.net\/@iucuellar"]},{"@type":"Person","@id":"https:\/\/www.iucuellar.org\/#\/schema\/person\/0ed49683a220f525fdeb90989b5c672d","name":"Comunicaci\u00f3n","image":{"@type":"ImageObject","inLanguage":"es","@id":"https:\/\/www.iucuellar.org\/#\/schema\/person\/image\/","url":"https:\/\/secure.gravatar.com\/avatar\/1bb1e96b498ea4b5098098798744923e?s=96&d=mm&r=g","contentUrl":"https:\/\/secure.gravatar.com\/avatar\/1bb1e96b498ea4b5098098798744923e?s=96&d=mm&r=g","caption":"Comunicaci\u00f3n"},"url":"https:\/\/www.iucuellar.org\/?author=1"}]}},"jetpack_featured_media_url":"","jetpack_sharing_enabled":true,"jetpack_shortlink":"https:\/\/wp.me\/p8rn8P-dX","_links":{"self":[{"href":"https:\/\/www.iucuellar.org\/index.php?rest_route=\/wp\/v2\/posts\/865"}],"collection":[{"href":"https:\/\/www.iucuellar.org\/index.php?rest_route=\/wp\/v2\/posts"}],"about":[{"href":"https:\/\/www.iucuellar.org\/index.php?rest_route=\/wp\/v2\/types\/post"}],"author":[{"embeddable":true,"href":"https:\/\/www.iucuellar.org\/index.php?rest_route=\/wp\/v2\/users\/1"}],"replies":[{"embeddable":true,"href":"https:\/\/www.iucuellar.org\/index.php?rest_route=%2Fwp%2Fv2%2Fcomments&post=865"}],"version-history":[{"count":10,"href":"https:\/\/www.iucuellar.org\/index.php?rest_route=\/wp\/v2\/posts\/865\/revisions"}],"predecessor-version":[{"id":875,"href":"https:\/\/www.iucuellar.org\/index.php?rest_route=\/wp\/v2\/posts\/865\/revisions\/875"}],"wp:attachment":[{"href":"https:\/\/www.iucuellar.org\/index.php?rest_route=%2Fwp%2Fv2%2Fmedia&parent=865"}],"wp:term":[{"taxonomy":"category","embeddable":true,"href":"https:\/\/www.iucuellar.org\/index.php?rest_route=%2Fwp%2Fv2%2Fcategories&post=865"},{"taxonomy":"post_tag","embeddable":true,"href":"https:\/\/www.iucuellar.org\/index.php?rest_route=%2Fwp%2Fv2%2Ftags&post=865"}],"curies":[{"name":"wp","href":"https:\/\/api.w.org\/{rel}","templated":true}]}}