{"id":923,"date":"2012-08-15T17:31:40","date_gmt":"2012-08-15T15:31:40","guid":{"rendered":"http:\/\/www.iucuellar.org\/?p=923"},"modified":"2012-08-15T17:31:40","modified_gmt":"2012-08-15T15:31:40","slug":"denunciamos-un-atentado-ambiental-y-la-pasividad-o-colaboracion-del-ayuntamiento-de-cuellar","status":"publish","type":"post","link":"https:\/\/www.iucuellar.org\/?p=923","title":{"rendered":"Denunciamos un atentado ambiental y la pasividad o colaboraci\u00f3n del ayuntamiento de Cu\u00e9llar"},"content":{"rendered":"<p>&nbsp;<\/p>\n<p style=\"text-align: center;\"><a href=\"https:\/\/picasaweb.google.com\/108459686790850861041\/ResiduosIndustrialesEnLaEscombreraMunicipal\" target=\"_blank\" class=\"broken_link\"><img loading=\"lazy\" decoding=\"async\" class=\"aligncenter\" src=\"https:\/\/i0.wp.com\/lh6.googleusercontent.com\/-YLHXlogBI3E\/UCtOzlxgEsI\/AAAAAAAABJs\/EOYh3rK0_8I\/s640\/Cu%25C3%25A9llarEscombrera.jpg?resize=523%2C187&#038;ssl=1\" alt=\"\" width=\"523\" height=\"187\" data-recalc-dims=\"1\" \/><\/a><\/p>\n<p><span style=\"font-size: medium;\">1\u00ba.- El pasado s\u00e1bado 4 de agosto comprobamos que hab\u00edan sido depositados gran cantidad de residuos en la escombrera de Las Lomas del municipio de Cu\u00e9llar que por su aspecto parecen provenir de una empresa dedicada a la fundici\u00f3n de aluminio. Parecen ser las arenas de moldes de la fundici\u00f3n, est\u00e1n partidos y deshechos, as\u00ed como trozos de aluminio y parece que otros metales.<\/span><\/p>\n<p style=\"text-align: center;\"><span style=\"font-size: medium;\"><a href=\"https:\/\/picasaweb.google.com\/108459686790850861041\/ResiduosIndustrialesEnLaEscombreraMunicipal\" target=\"_blank\" class=\"broken_link\"><img loading=\"lazy\" decoding=\"async\" class=\"aligncenter\" src=\"https:\/\/i0.wp.com\/www.iucuellar.org\/2012\/imagenes\/Cu%C3%A9llarEscombrera01.jpg?resize=355%2C197&#038;ssl=1\" alt=\"\" width=\"355\" height=\"197\" data-recalc-dims=\"1\" \/><\/a><br \/>\n<\/span><\/p>\n<p><span style=\"font-size: medium;\">Tambi\u00e9n hay un mont\u00f3n con residuos provenientes de la industria resinera.<\/span><\/p>\n<p style=\"text-align: center;\"><span style=\"font-size: medium;\"><a href=\"https:\/\/picasaweb.google.com\/108459686790850861041\/ResiduosIndustrialesEnLaEscombreraMunicipal\" target=\"_blank\" class=\"broken_link\"><img loading=\"lazy\" decoding=\"async\" class=\"aligncenter\" src=\"https:\/\/i0.wp.com\/www.iucuellar.org\/2012\/imagenes\/LasLomas07Resinas.jpg?resize=303%2C227&#038;ssl=1\" alt=\"\" width=\"303\" height=\"227\" data-recalc-dims=\"1\" \/><\/a><br \/>\n<\/span><\/p>\n<p><span style=\"font-size: medium;\">2\u00ba.- El lunes 6 de agosto se lo comunicamos verbalmente a la concejala de Medio Ambiente del Ayuntamiento de Cu\u00e9llar, do\u00f1a Montserrat  Rodrigo Alonso.<\/span><\/p>\n<p><span style=\"font-size: medium;\">3\u00ba.- El martes a mediod\u00eda preguntamos al encargado de servicios del Ayuntamiento sobre el asunto, dijo desconocerlo y que peguntar\u00eda a la concejala sobre ello.<\/span><\/p>\n<p><span style=\"font-size: medium;\">A \u00faltima hora de la tarde preguntamos en la escombrera y se nos informa que la se\u00f1ora concejala les ha dicho que los residuos de la fundici\u00f3n pod\u00edan empujarlos para abajo con el resto de escombros y que los de las resinas los dejaran apartados. <\/span><\/p>\n<p><span style=\"font-size: medium;\">4\u00ba.- El mi\u00e9rcoles d\u00eda 8 hemos presentado un escrito en el Ayuntamiento de Cu\u00e9llar para ponerlo en conocimiento del se\u00f1or alcalde.<\/span><\/p>\n<p><span style=\"font-size: medium;\">5\u00ba.- Posteriormente observamos que la mayor parte de los restos de la fundici\u00f3n de aluminio han sido empujados y mezclados con otros residuos que se encuentran all\u00ed depositados.<\/span><\/p>\n<p><span style=\"font-size: medium;\">Hemos podido saber que se han depositado en la escombrera siete camiones con restos de la empresa RAESA, industria que se dedica en Cu\u00e9llar a la \u201crefundici\u00f3n de segunda fusi\u00f3n de aluminio\u201d.<\/span><\/p>\n<p><span style=\"font-size: medium;\">Estos residuos se componen de algunos trozos de aluminio, diseminados entre gran cantidad de restos de los moldes de fundici\u00f3n que est\u00e1n formados de arena con alg\u00fan tipo de aglomerante para poder conformar el molde (los aglomerantes son productos sint\u00e9ticos que pueden estar compuestos de productos considerados peligrosos). <\/span><\/p>\n<p><strong><span style=\"font-size: medium;\">Esto no puede dejarse tirado de cualquier manera para contaminar la tierra y el agua, sino que deben entregarse a un gestor autorizado que los trate correctamente  para devolverlos a un nuevo uso, y si no es posible gestionarlos como residuo.<\/span><\/strong><\/p>\n<p style=\"text-align: center;\"><strong><span style=\"font-size: medium;\"><a href=\"https:\/\/picasaweb.google.com\/108459686790850861041\/ResiduosIndustrialesEnLaEscombreraMunicipal\" target=\"_blank\" class=\"broken_link\"><img loading=\"lazy\" decoding=\"async\" class=\"aligncenter\" src=\"https:\/\/i0.wp.com\/www.iucuellar.org\/2012\/imagenes\/Cu%C3%A9llarEscombrera03.jpg?resize=333%2C229&#038;ssl=1\" alt=\"\" width=\"333\" height=\"229\" data-recalc-dims=\"1\" \/><\/a><br \/>\n<\/span><\/strong><\/p>\n<p><span style=\"font-size: medium;\">6\u00ba.- Como ni desde la Concejal\u00eda de Medio Ambiente ni desde la Alcald\u00eda se nos ha dado ninguna informaci\u00f3n y creemos que estos residuos deben ser tratados correctamente , ayer, lunes 13, lo pusimos en conocimiento de la \u201cDirecci\u00f3n General del Medio Natural de la Junta de Castilla y Le\u00f3n\u201d y del \u201cSeprona\u201d.<\/span><\/p>\n<p><span style=\"font-size: medium;\">No es la primera vez que desde Izquierda Unida ponemos de manifiesto nuestro desacuerdo con la mala gesti\u00f3n de la escombrera de las Lomas que se hace desde el gobierno municipal. Ya hemos comunicado otras veces que all\u00ed se depositan toda clase de objetos sin control y en algunas ocasiones ha habido incendios en los que se han quemado todo tipo de pl\u00e1sticos, colchones, electrodom\u00e9sticos usados, etc.,  que no deber\u00edan estar all\u00ed y han provocado que se contamine el aire.<\/span><\/p>\n<p><strong><span style=\"font-size: medium;\">Creemos que desde el Ayuntamiento de Cu\u00e9llar se hace muy poco por fomentar entre la poblaci\u00f3n la reducci\u00f3n de residuos, su reutilizaci\u00f3n y su reciclado con el fin de proteger el medio ambiente y la salud de las personas.<\/span><\/strong><\/p>\n<p><strong><span style=\"font-size: medium;\">No basta con hacer una ordenanza, o dos, o tres, \u2026, hay que informar y formar a la ciudadan\u00eda en buenas pr\u00e1cticas ambientales y poner todos los medios posibles para reducir al m\u00ednimo los residuos que generamos.<\/span><\/strong><\/p>\n<p><span style=\"font-size: medium;\">Por \u00faltimo a\u00f1adir que la ley 10\/1998, de Residuos es muy clara, en el art\u00edculo 12.2 dice: Queda prohibido el abandono, vertido o eliminaci\u00f3n incontrolada de residuos y toda mezcla o diluci\u00f3n de residuos que dificulte su gesti\u00f3n.<\/span><\/p>\n<p style=\"text-align: center;\"><span style=\"font-size: medium;\"><a href=\"https:\/\/i0.wp.com\/www.iucuellar.org\/2012\/imagenes\/LasLomas05.jpg?ssl=1\" target=\"_blank\"><img loading=\"lazy\" decoding=\"async\" class=\"aligncenter\" src=\"https:\/\/i0.wp.com\/www.iucuellar.org\/2012\/imagenes\/LasLomas05.jpg?resize=380%2C284&#038;ssl=1\" alt=\"\" width=\"380\" height=\"284\" data-recalc-dims=\"1\" \/><\/a><br \/>\n<\/span><\/p>\n","protected":false},"excerpt":{"rendered":"<p>&nbsp; 1\u00ba.- El pasado s\u00e1bado 4 de agosto comprobamos que hab\u00edan sido depositados gran cantidad de residuos en la escombrera<\/p>\n","protected":false},"author":1,"featured_media":0,"comment_status":"open","ping_status":"open","sticky":false,"template":"","format":"standard","meta":{"sfsi_plus_gutenberg_text_before_share":"","sfsi_plus_gutenberg_show_text_before_share":"","sfsi_plus_gutenberg_icon_type":"","sfsi_plus_gutenberg_icon_alignemt":"","sfsi_plus_gutenburg_max_per_row":"","_exactmetrics_skip_tracking":false,"_exactmetrics_sitenote_active":false,"_exactmetrics_sitenote_note":"","_exactmetrics_sitenote_category":0,"ngg_post_thumbnail":0,"_jetpack_memberships_contains_paid_content":false,"footnotes":""},"categories":[8,10,14,12],"tags":[],"yoast_head":"<!-- This site is optimized with the Yoast SEO plugin v22.9 - https:\/\/yoast.com\/wordpress\/plugins\/seo\/ -->\r\n<title>Denunciamos un atentado ambiental y la pasividad o colaboraci\u00f3n del ayuntamiento de Cu\u00e9llar - Izquierda Unida Cu\u00e9llar<\/title>\r\n<meta name=\"robots\" content=\"index, follow, max-snippet:-1, max-image-preview:large, max-video-preview:-1\" \/>\r\n<link rel=\"canonical\" href=\"https:\/\/www.iucuellar.org\/?p=923\" \/>\r\n<meta property=\"og:locale\" content=\"es_ES\" \/>\r\n<meta property=\"og:type\" content=\"article\" \/>\r\n<meta property=\"og:title\" content=\"Denunciamos un atentado ambiental y la pasividad o colaboraci\u00f3n del ayuntamiento de Cu\u00e9llar - Izquierda Unida Cu\u00e9llar\" \/>\r\n<meta property=\"og:description\" content=\"&nbsp; 1\u00ba.- El pasado s\u00e1bado 4 de agosto comprobamos que hab\u00edan sido depositados gran cantidad de residuos en la escombrera\" \/>\r\n<meta property=\"og:url\" content=\"https:\/\/www.iucuellar.org\/?p=923\" \/>\r\n<meta property=\"og:site_name\" content=\"Izquierda Unida Cu\u00e9llar\" \/>\r\n<meta property=\"article:publisher\" content=\"https:\/\/www.facebook.com\/iucuellar\" \/>\r\n<meta property=\"article:published_time\" content=\"2012-08-15T15:31:40+00:00\" \/>\r\n<meta property=\"og:image\" content=\"https:\/\/lh6.googleusercontent.com\/-YLHXlogBI3E\/UCtOzlxgEsI\/AAAAAAAABJs\/EOYh3rK0_8I\/s640\/Cu%25C3%25A9llarEscombrera.jpg\" \/>\r\n<meta name=\"author\" content=\"Comunicaci\u00f3n\" \/>\r\n<meta name=\"twitter:card\" content=\"summary_large_image\" \/>\r\n<meta name=\"twitter:creator\" content=\"@IU_CUELLAR\" \/>\r\n<meta name=\"twitter:site\" content=\"@IU_CUELLAR\" \/>\r\n<meta name=\"twitter:label1\" content=\"Escrito por\" \/>\n\t<meta name=\"twitter:data1\" content=\"Comunicaci\u00f3n\" \/>\n\t<meta name=\"twitter:label2\" content=\"Tiempo de lectura\" \/>\n\t<meta name=\"twitter:data2\" content=\"3 minutos\" \/>\r\n<script type=\"application\/ld+json\" class=\"yoast-schema-graph\">{\"@context\":\"https:\/\/schema.org\",\"@graph\":[{\"@type\":\"Article\",\"@id\":\"https:\/\/www.iucuellar.org\/?p=923#article\",\"isPartOf\":{\"@id\":\"https:\/\/www.iucuellar.org\/?p=923\"},\"author\":{\"name\":\"Comunicaci\u00f3n\",\"@id\":\"https:\/\/www.iucuellar.org\/#\/schema\/person\/0ed49683a220f525fdeb90989b5c672d\"},\"headline\":\"Denunciamos un atentado ambiental y la pasividad o colaboraci\u00f3n del ayuntamiento de Cu\u00e9llar\",\"datePublished\":\"2012-08-15T15:31:40+00:00\",\"dateModified\":\"2012-08-15T15:31:40+00:00\",\"mainEntityOfPage\":{\"@id\":\"https:\/\/www.iucuellar.org\/?p=923\"},\"wordCount\":642,\"commentCount\":0,\"publisher\":{\"@id\":\"https:\/\/www.iucuellar.org\/#organization\"},\"image\":{\"@id\":\"https:\/\/www.iucuellar.org\/?p=923#primaryimage\"},\"thumbnailUrl\":\"https:\/\/lh6.googleusercontent.com\/-YLHXlogBI3E\/UCtOzlxgEsI\/AAAAAAAABJs\/EOYh3rK0_8I\/s640\/Cu%25C3%25A9llarEscombrera.jpg\",\"articleSection\":[\"Industria\",\"Medio Ambiente\",\"Sanidad y A.Sociales\",\"Urbanismo\"],\"inLanguage\":\"es\",\"potentialAction\":[{\"@type\":\"CommentAction\",\"name\":\"Comment\",\"target\":[\"https:\/\/www.iucuellar.org\/?p=923#respond\"]}]},{\"@type\":\"WebPage\",\"@id\":\"https:\/\/www.iucuellar.org\/?p=923\",\"url\":\"https:\/\/www.iucuellar.org\/?p=923\",\"name\":\"Denunciamos un atentado ambiental y la pasividad o colaboraci\u00f3n del ayuntamiento de Cu\u00e9llar - Izquierda Unida Cu\u00e9llar\",\"isPartOf\":{\"@id\":\"https:\/\/www.iucuellar.org\/#website\"},\"primaryImageOfPage\":{\"@id\":\"https:\/\/www.iucuellar.org\/?p=923#primaryimage\"},\"image\":{\"@id\":\"https:\/\/www.iucuellar.org\/?p=923#primaryimage\"},\"thumbnailUrl\":\"https:\/\/lh6.googleusercontent.com\/-YLHXlogBI3E\/UCtOzlxgEsI\/AAAAAAAABJs\/EOYh3rK0_8I\/s640\/Cu%25C3%25A9llarEscombrera.jpg\",\"datePublished\":\"2012-08-15T15:31:40+00:00\",\"dateModified\":\"2012-08-15T15:31:40+00:00\",\"breadcrumb\":{\"@id\":\"https:\/\/www.iucuellar.org\/?p=923#breadcrumb\"},\"inLanguage\":\"es\",\"potentialAction\":[{\"@type\":\"ReadAction\",\"target\":[\"https:\/\/www.iucuellar.org\/?p=923\"]}]},{\"@type\":\"ImageObject\",\"inLanguage\":\"es\",\"@id\":\"https:\/\/www.iucuellar.org\/?p=923#primaryimage\",\"url\":\"https:\/\/lh6.googleusercontent.com\/-YLHXlogBI3E\/UCtOzlxgEsI\/AAAAAAAABJs\/EOYh3rK0_8I\/s640\/Cu%25C3%25A9llarEscombrera.jpg\",\"contentUrl\":\"https:\/\/lh6.googleusercontent.com\/-YLHXlogBI3E\/UCtOzlxgEsI\/AAAAAAAABJs\/EOYh3rK0_8I\/s640\/Cu%25C3%25A9llarEscombrera.jpg\"},{\"@type\":\"BreadcrumbList\",\"@id\":\"https:\/\/www.iucuellar.org\/?p=923#breadcrumb\",\"itemListElement\":[{\"@type\":\"ListItem\",\"position\":1,\"name\":\"Inicio\",\"item\":\"https:\/\/www.iucuellar.org\/\"},{\"@type\":\"ListItem\",\"position\":2,\"name\":\"Denunciamos un atentado ambiental y la pasividad o colaboraci\u00f3n del ayuntamiento de Cu\u00e9llar\"}]},{\"@type\":\"WebSite\",\"@id\":\"https:\/\/www.iucuellar.org\/#website\",\"url\":\"https:\/\/www.iucuellar.org\/\",\"name\":\"Izquierda Unida Cu\u00e9llar y Comarca\",\"description\":\"Lugar de opini\u00f3n y discusi\u00f3n de la izquierda\",\"publisher\":{\"@id\":\"https:\/\/www.iucuellar.org\/#organization\"},\"potentialAction\":[{\"@type\":\"SearchAction\",\"target\":{\"@type\":\"EntryPoint\",\"urlTemplate\":\"https:\/\/www.iucuellar.org\/?s={search_term_string}\"},\"query-input\":\"required name=search_term_string\"}],\"inLanguage\":\"es\"},{\"@type\":\"Organization\",\"@id\":\"https:\/\/www.iucuellar.org\/#organization\",\"name\":\"IU CUELLAR\",\"url\":\"https:\/\/www.iucuellar.org\/\",\"logo\":{\"@type\":\"ImageObject\",\"inLanguage\":\"es\",\"@id\":\"https:\/\/www.iucuellar.org\/#\/schema\/logo\/image\/\",\"url\":\"https:\/\/i0.wp.com\/www.iucuellar.org\/public\/2022\/07\/cropped-avatar_redondo_Twitter.png?fit=512%2C512&ssl=1\",\"contentUrl\":\"https:\/\/i0.wp.com\/www.iucuellar.org\/public\/2022\/07\/cropped-avatar_redondo_Twitter.png?fit=512%2C512&ssl=1\",\"width\":512,\"height\":512,\"caption\":\"IU CUELLAR\"},\"image\":{\"@id\":\"https:\/\/www.iucuellar.org\/#\/schema\/logo\/image\/\"},\"sameAs\":[\"https:\/\/www.facebook.com\/iucuellar\",\"https:\/\/x.com\/IU_CUELLAR\",\"https:\/\/www.instagram.com\/iucuellar\/\",\"https:\/\/www.threads.net\/@iucuellar\"]},{\"@type\":\"Person\",\"@id\":\"https:\/\/www.iucuellar.org\/#\/schema\/person\/0ed49683a220f525fdeb90989b5c672d\",\"name\":\"Comunicaci\u00f3n\",\"image\":{\"@type\":\"ImageObject\",\"inLanguage\":\"es\",\"@id\":\"https:\/\/www.iucuellar.org\/#\/schema\/person\/image\/\",\"url\":\"https:\/\/secure.gravatar.com\/avatar\/1bb1e96b498ea4b5098098798744923e?s=96&d=mm&r=g\",\"contentUrl\":\"https:\/\/secure.gravatar.com\/avatar\/1bb1e96b498ea4b5098098798744923e?s=96&d=mm&r=g\",\"caption\":\"Comunicaci\u00f3n\"},\"url\":\"https:\/\/www.iucuellar.org\/?author=1\"}]}<\/script>\r\n<!-- \/ Yoast SEO plugin. -->","yoast_head_json":{"title":"Denunciamos un atentado ambiental y la pasividad o colaboraci\u00f3n del ayuntamiento de Cu\u00e9llar - Izquierda Unida Cu\u00e9llar","robots":{"index":"index","follow":"follow","max-snippet":"max-snippet:-1","max-image-preview":"max-image-preview:large","max-video-preview":"max-video-preview:-1"},"canonical":"https:\/\/www.iucuellar.org\/?p=923","og_locale":"es_ES","og_type":"article","og_title":"Denunciamos un atentado ambiental y la pasividad o colaboraci\u00f3n del ayuntamiento de Cu\u00e9llar - Izquierda Unida Cu\u00e9llar","og_description":"&nbsp; 1\u00ba.- El pasado s\u00e1bado 4 de agosto comprobamos que hab\u00edan sido depositados gran cantidad de residuos en la escombrera","og_url":"https:\/\/www.iucuellar.org\/?p=923","og_site_name":"Izquierda Unida Cu\u00e9llar","article_publisher":"https:\/\/www.facebook.com\/iucuellar","article_published_time":"2012-08-15T15:31:40+00:00","og_image":[{"url":"https:\/\/lh6.googleusercontent.com\/-YLHXlogBI3E\/UCtOzlxgEsI\/AAAAAAAABJs\/EOYh3rK0_8I\/s640\/Cu%25C3%25A9llarEscombrera.jpg"}],"author":"Comunicaci\u00f3n","twitter_card":"summary_large_image","twitter_creator":"@IU_CUELLAR","twitter_site":"@IU_CUELLAR","twitter_misc":{"Escrito por":"Comunicaci\u00f3n","Tiempo de lectura":"3 minutos"},"schema":{"@context":"https:\/\/schema.org","@graph":[{"@type":"Article","@id":"https:\/\/www.iucuellar.org\/?p=923#article","isPartOf":{"@id":"https:\/\/www.iucuellar.org\/?p=923"},"author":{"name":"Comunicaci\u00f3n","@id":"https:\/\/www.iucuellar.org\/#\/schema\/person\/0ed49683a220f525fdeb90989b5c672d"},"headline":"Denunciamos un atentado ambiental y la pasividad o colaboraci\u00f3n del ayuntamiento de Cu\u00e9llar","datePublished":"2012-08-15T15:31:40+00:00","dateModified":"2012-08-15T15:31:40+00:00","mainEntityOfPage":{"@id":"https:\/\/www.iucuellar.org\/?p=923"},"wordCount":642,"commentCount":0,"publisher":{"@id":"https:\/\/www.iucuellar.org\/#organization"},"image":{"@id":"https:\/\/www.iucuellar.org\/?p=923#primaryimage"},"thumbnailUrl":"https:\/\/lh6.googleusercontent.com\/-YLHXlogBI3E\/UCtOzlxgEsI\/AAAAAAAABJs\/EOYh3rK0_8I\/s640\/Cu%25C3%25A9llarEscombrera.jpg","articleSection":["Industria","Medio Ambiente","Sanidad y A.Sociales","Urbanismo"],"inLanguage":"es","potentialAction":[{"@type":"CommentAction","name":"Comment","target":["https:\/\/www.iucuellar.org\/?p=923#respond"]}]},{"@type":"WebPage","@id":"https:\/\/www.iucuellar.org\/?p=923","url":"https:\/\/www.iucuellar.org\/?p=923","name":"Denunciamos un atentado ambiental y la pasividad o colaboraci\u00f3n del ayuntamiento de Cu\u00e9llar - Izquierda Unida Cu\u00e9llar","isPartOf":{"@id":"https:\/\/www.iucuellar.org\/#website"},"primaryImageOfPage":{"@id":"https:\/\/www.iucuellar.org\/?p=923#primaryimage"},"image":{"@id":"https:\/\/www.iucuellar.org\/?p=923#primaryimage"},"thumbnailUrl":"https:\/\/lh6.googleusercontent.com\/-YLHXlogBI3E\/UCtOzlxgEsI\/AAAAAAAABJs\/EOYh3rK0_8I\/s640\/Cu%25C3%25A9llarEscombrera.jpg","datePublished":"2012-08-15T15:31:40+00:00","dateModified":"2012-08-15T15:31:40+00:00","breadcrumb":{"@id":"https:\/\/www.iucuellar.org\/?p=923#breadcrumb"},"inLanguage":"es","potentialAction":[{"@type":"ReadAction","target":["https:\/\/www.iucuellar.org\/?p=923"]}]},{"@type":"ImageObject","inLanguage":"es","@id":"https:\/\/www.iucuellar.org\/?p=923#primaryimage","url":"https:\/\/lh6.googleusercontent.com\/-YLHXlogBI3E\/UCtOzlxgEsI\/AAAAAAAABJs\/EOYh3rK0_8I\/s640\/Cu%25C3%25A9llarEscombrera.jpg","contentUrl":"https:\/\/lh6.googleusercontent.com\/-YLHXlogBI3E\/UCtOzlxgEsI\/AAAAAAAABJs\/EOYh3rK0_8I\/s640\/Cu%25C3%25A9llarEscombrera.jpg"},{"@type":"BreadcrumbList","@id":"https:\/\/www.iucuellar.org\/?p=923#breadcrumb","itemListElement":[{"@type":"ListItem","position":1,"name":"Inicio","item":"https:\/\/www.iucuellar.org\/"},{"@type":"ListItem","position":2,"name":"Denunciamos un atentado ambiental y la pasividad o colaboraci\u00f3n del ayuntamiento de Cu\u00e9llar"}]},{"@type":"WebSite","@id":"https:\/\/www.iucuellar.org\/#website","url":"https:\/\/www.iucuellar.org\/","name":"Izquierda Unida Cu\u00e9llar y Comarca","description":"Lugar de opini\u00f3n y discusi\u00f3n de la izquierda","publisher":{"@id":"https:\/\/www.iucuellar.org\/#organization"},"potentialAction":[{"@type":"SearchAction","target":{"@type":"EntryPoint","urlTemplate":"https:\/\/www.iucuellar.org\/?s={search_term_string}"},"query-input":"required name=search_term_string"}],"inLanguage":"es"},{"@type":"Organization","@id":"https:\/\/www.iucuellar.org\/#organization","name":"IU CUELLAR","url":"https:\/\/www.iucuellar.org\/","logo":{"@type":"ImageObject","inLanguage":"es","@id":"https:\/\/www.iucuellar.org\/#\/schema\/logo\/image\/","url":"https:\/\/i0.wp.com\/www.iucuellar.org\/public\/2022\/07\/cropped-avatar_redondo_Twitter.png?fit=512%2C512&ssl=1","contentUrl":"https:\/\/i0.wp.com\/www.iucuellar.org\/public\/2022\/07\/cropped-avatar_redondo_Twitter.png?fit=512%2C512&ssl=1","width":512,"height":512,"caption":"IU CUELLAR"},"image":{"@id":"https:\/\/www.iucuellar.org\/#\/schema\/logo\/image\/"},"sameAs":["https:\/\/www.facebook.com\/iucuellar","https:\/\/x.com\/IU_CUELLAR","https:\/\/www.instagram.com\/iucuellar\/","https:\/\/www.threads.net\/@iucuellar"]},{"@type":"Person","@id":"https:\/\/www.iucuellar.org\/#\/schema\/person\/0ed49683a220f525fdeb90989b5c672d","name":"Comunicaci\u00f3n","image":{"@type":"ImageObject","inLanguage":"es","@id":"https:\/\/www.iucuellar.org\/#\/schema\/person\/image\/","url":"https:\/\/secure.gravatar.com\/avatar\/1bb1e96b498ea4b5098098798744923e?s=96&d=mm&r=g","contentUrl":"https:\/\/secure.gravatar.com\/avatar\/1bb1e96b498ea4b5098098798744923e?s=96&d=mm&r=g","caption":"Comunicaci\u00f3n"},"url":"https:\/\/www.iucuellar.org\/?author=1"}]}},"jetpack_featured_media_url":"","jetpack_sharing_enabled":true,"jetpack_shortlink":"https:\/\/wp.me\/p8rn8P-eT","_links":{"self":[{"href":"https:\/\/www.iucuellar.org\/index.php?rest_route=\/wp\/v2\/posts\/923"}],"collection":[{"href":"https:\/\/www.iucuellar.org\/index.php?rest_route=\/wp\/v2\/posts"}],"about":[{"href":"https:\/\/www.iucuellar.org\/index.php?rest_route=\/wp\/v2\/types\/post"}],"author":[{"embeddable":true,"href":"https:\/\/www.iucuellar.org\/index.php?rest_route=\/wp\/v2\/users\/1"}],"replies":[{"embeddable":true,"href":"https:\/\/www.iucuellar.org\/index.php?rest_route=%2Fwp%2Fv2%2Fcomments&post=923"}],"version-history":[{"count":25,"href":"https:\/\/www.iucuellar.org\/index.php?rest_route=\/wp\/v2\/posts\/923\/revisions"}],"predecessor-version":[{"id":962,"href":"https:\/\/www.iucuellar.org\/index.php?rest_route=\/wp\/v2\/posts\/923\/revisions\/962"}],"wp:attachment":[{"href":"https:\/\/www.iucuellar.org\/index.php?rest_route=%2Fwp%2Fv2%2Fmedia&parent=923"}],"wp:term":[{"taxonomy":"category","embeddable":true,"href":"https:\/\/www.iucuellar.org\/index.php?rest_route=%2Fwp%2Fv2%2Fcategories&post=923"},{"taxonomy":"post_tag","embeddable":true,"href":"https:\/\/www.iucuellar.org\/index.php?rest_route=%2Fwp%2Fv2%2Ftags&post=923"}],"curies":[{"name":"wp","href":"https:\/\/api.w.org\/{rel}","templated":true}]}}